{"id":110951,"date":"2017-04-11T00:37:05","date_gmt":"2017-04-11T03:37:05","guid":{"rendered":"https:\/\/www.redenoticia.com.br\/noticia\/?p=110951"},"modified":"2017-04-10T16:08:29","modified_gmt":"2017-04-10T19:08:29","slug":"estudantes-surdos-poderao-ter-acesso-a-video-com-prova-do-enem-traduzida","status":"publish","type":"post","link":"https:\/\/migracao.redenoticia.com.br\/noticia\/2017\/estudantes-surdos-poderao-ter-acesso-a-video-com-prova-do-enem-traduzida\/110951","title":{"rendered":"Estudantes surdos poder\u00e3o ter acesso a v\u00eddeo com prova do Enem traduzida"},"content":{"rendered":"<p> Pela primeira vez, estudantes surdos poder\u00e3o ter acesso a v\u00eddeo com as quest\u00f5es do <strong><em>Enem<\/em><\/strong> traduzidas na L\u00edngua Brasileira de Sinais (Libras). O Instituto Nacional de Estudos e Pesquisas Educacionais An\u00edsio Teixeira (Inep) vai disponibilizar salas adaptadas, e o participante poder\u00e1 escolher, na inscri\u00e7\u00e3o, se deseja participar da aplica\u00e7\u00e3o.<\/p>\n<p>Os estudantes que optarem pela tradu\u00e7\u00e3o no v\u00eddeo ter\u00e3o tamb\u00e9m acesso a um tradutor por dupla de candidatos, que poder\u00e1 apenas esclarecer d\u00favidas pontuais de vocabul\u00e1rio. Eles preencher\u00e3o o cart\u00e3o de respostas normalmente. A disponiliza\u00e7\u00e3o do v\u00eddeo ser\u00e1 feita este ano em car\u00e1ter experimental.<\/p>\n<p>A tradu\u00e7\u00e3o integral do exame para Libras \u00e9 demanda antiga, sobretudo daqueles que n\u00e3o s\u00e3o inicialmente alfabetizados em portugu\u00eas, e pelo menos desde 2014  \u00e9 discutida no Inep.<\/p>\n<p>Atendimentos especializados<\/p>\n<p>Neste ano, o Inep atualizou a lista daqueles que poder\u00e3o pedir uma hora a mais de exame. Antes, isso era feito mediante o preenchimento de um formul\u00e1rio. Agora ser\u00e1 na inscri\u00e7\u00e3o, com a apresenta\u00e7\u00e3o de laudo comprovat\u00f3rio da defici\u00eancia ou condi\u00e7\u00e3o necess\u00e1ria para o deferimento.<\/p>\n<p>Segundo a autarquia, at\u00e9 o ano passado, candidatos com diabetes ou com dist\u00farbios da tireoide, como hipotireoidismo, podiam pedir extens\u00e3o do tempo. Casos como esse foram exclu\u00eddos, e o tempo a mais ser\u00e1 concedido a pessoas surdas, cegas, com d\u00e9ficit de aten\u00e7\u00e3o, dislexia e discalculia, entre outros, que dever\u00e3o comprovar mediante laudos m\u00e9dicos.<\/p>\n<p>Al\u00e9m do atendimento especializado, os participantes poder\u00e3o solicitar aten\u00e7\u00e3o espec\u00edfica, voltada para gestantes, idosos e estudantes em classe hospitalar, entre outros.<\/p>\n<p>O Inep tamb\u00e9m acrescentou a op\u00e7\u00e3o &#8220;outra condi\u00e7\u00e3o espec\u00edfica&#8221; para os participantes que n\u00e3o se enquadram nos requisitos m\u00ednimos de atendimento especializado, mas precisam de algum recurso para a prova. Os pedidos ser\u00e3o avaliados por uma comiss\u00e3o de demanda.<\/p>\n<p>Travestis e transexuais poder\u00e3o pedir, em prazo determinado ap\u00f3s a inscri\u00e7\u00e3o (de 29 de maio a 4 de junho), o uso do nome social.<\/p>\n<p>Formul\u00e1rio<\/p>\n<p>Os participantes que necessitarem de comprova\u00e7\u00e3o de que prestaram o exame poder\u00e3o imprimir na pr\u00f3pria p\u00e1gina um formul\u00e1rio que ser\u00e1 carimbado no local da prova. Antes, isso tinha de ser pedido ao Inep. Agora, o estudante deve levar o formul\u00e1rio impresso.<\/p>\n<p>Enem<\/p>\n<p>O Enem 2017 ser\u00e1 realizado em dois domingos consecutivos \u2013 dias 5 e 12 de novembro \u2013 e n\u00e3o mais em um \u00fanico fim de semana. As inscri\u00e7\u00f5es estar\u00e3o abertas de 8 a 19 de maio. O edital est\u00e1 publicado no Di\u00e1rio Oficial da Uni\u00e3o.<\/p>\n<p>No primeiro domingo, os estudantes far\u00e3o provas de ci\u00eancias humanas, linguagens e reda\u00e7\u00e3o. No segundo, as provas ser\u00e3o de matem\u00e1tica e ci\u00eancias da natureza.<\/p>\n<p>O resultado das provas poder\u00e1 ser usado em processos seletivos para vagas no ensino p\u00fablico superior, pelo Sistema de Sele\u00e7\u00e3o Unificada (Sisu), para bolsas de estudo em institui\u00e7\u00f5es privadas, pelo Programa Universidade para Todos (ProUni) e para obter financiamento pelo Fundo de Financiamento Estudantil (Fies).<\/p>\n<p>Mariana Tokarnia &#8211; Rep\u00f3rter da Ag\u00eancia Brasil<br \/>\nEdi\u00e7\u00e3o: Gra\u00e7a Adjuto<br \/>\n11\/04\/2017<\/p>\n","protected":false},"excerpt":{"rendered":"<p>Pela primeira vez, estudantes surdos poder\u00e3o ter acesso a v\u00eddeo com as quest\u00f5es do Enem traduzidas na L\u00edngua Brasileira de Sinais (Libras). O Instituto Nacional de Estudos e Pesquisas Educacionais An\u00edsio Teixeira (Inep) vai disponibilizar salas adaptadas, e o participante poder\u00e1 escolher, na inscri\u00e7\u00e3o, se deseja participar da aplica\u00e7\u00e3o. Os estudantes que optarem pela tradu\u00e7\u00e3o [&hellip;]<\/p>\n","protected":false},"author":2,"featured_media":36938,"comment_status":"open","ping_status":"closed","sticky":false,"template":"","format":"standard","meta":{"tdm_status":"","tdm_grid_status":"","footnotes":""},"categories":[22,370,295],"tags":[],"class_list":{"0":"post-110951","1":"post","2":"type-post","3":"status-publish","4":"format-standard","5":"has-post-thumbnail","7":"category-brasil","8":"category-inscricao","9":"category-vestibular"},"_links":{"self":[{"href":"https:\/\/migracao.redenoticia.com.br\/noticia\/wp-json\/wp\/v2\/posts\/110951","targetHints":{"allow":["GET"]}}],"collection":[{"href":"https:\/\/migracao.redenoticia.com.br\/noticia\/wp-json\/wp\/v2\/posts"}],"about":[{"href":"https:\/\/migracao.redenoticia.com.br\/noticia\/wp-json\/wp\/v2\/types\/post"}],"author":[{"embeddable":true,"href":"https:\/\/migracao.redenoticia.com.br\/noticia\/wp-json\/wp\/v2\/users\/2"}],"replies":[{"embeddable":true,"href":"https:\/\/migracao.redenoticia.com.br\/noticia\/wp-json\/wp\/v2\/comments?post=110951"}],"version-history":[{"count":0,"href":"https:\/\/migracao.redenoticia.com.br\/noticia\/wp-json\/wp\/v2\/posts\/110951\/revisions"}],"wp:featuredmedia":[{"embeddable":true,"href":"https:\/\/migracao.redenoticia.com.br\/noticia\/wp-json\/wp\/v2\/media\/36938"}],"wp:attachment":[{"href":"https:\/\/migracao.redenoticia.com.br\/noticia\/wp-json\/wp\/v2\/media?parent=110951"}],"wp:term":[{"taxonomy":"category","embeddable":true,"href":"https:\/\/migracao.redenoticia.com.br\/noticia\/wp-json\/wp\/v2\/categories?post=110951"},{"taxonomy":"post_tag","embeddable":true,"href":"https:\/\/migracao.redenoticia.com.br\/noticia\/wp-json\/wp\/v2\/tags?post=110951"}],"curies":[{"name":"wp","href":"https:\/\/api.w.org\/{rel}","templated":true}]}}