{"id":110990,"date":"2017-04-11T16:44:20","date_gmt":"2017-04-11T19:44:20","guid":{"rendered":"https:\/\/www.redenoticia.com.br\/noticia\/?p=110990"},"modified":"2017-04-12T21:22:55","modified_gmt":"2017-04-13T00:22:55","slug":"novela-ezel-resumo-1204-ramiz-alerta-ezel-sobre-um-possivel-traidor","status":"publish","type":"post","link":"https:\/\/migracao.redenoticia.com.br\/noticia\/2017\/novela-ezel-resumo-1204-ramiz-alerta-ezel-sobre-um-possivel-traidor\/110990","title":{"rendered":"Novela \u201cEzel\u201d resumo 12\/04: Cengiz diz a Ali que eles devem seguir Eysan"},"content":{"rendered":"<p> <img loading=\"lazy\" decoding=\"async\" class=\"alignleft size-thumbnail wp-image-98061\" src=\"https:\/\/migracao.redenoticia.com.br\/noticia\/imagens\/ezel_novela_band_resumo-150x112.jpg\" alt=\"ezel_novela_band_resumo\" width=\"150\" height=\"112\" srcset=\"https:\/\/migracao.redenoticia.com.br\/noticia\/imagens\/ezel_novela_band_resumo-150x112.jpg 150w, https:\/\/migracao.redenoticia.com.br\/noticia\/imagens\/ezel_novela_band_resumo-265x198.jpg 265w\" sizes=\"auto, (max-width: 150px) 100vw, 150px\" \/><strong><em> Novela \u201cEzel\u201d resumo 12\/04<\/em><\/strong>: no capitulo 133 (*) da novela \u201cEzel\u201d, quarta-feira, 12 de abril, Ramiz alerta Ezel sobre um poss\u00edvel traidor entre aqueles que querem ajud\u00e1-lo. Ramiz, Omer, Eysan, Ali e Cengiz est\u00e3o em graves problemas: h\u00e1 algu\u00e9m os vigiando e que deseja machuc\u00e1-los. Ali confessa a Tefo que tem problemas e que t\u00eam um espi\u00e3o e traidor em sua casa. Cengiz diz a Ali que devem seguir Eysan, porque acredita que ela anda estranha. Ezel est\u00e1 em problemas: sua m\u00e3e acredita que ele escondeu seu irm\u00e3o e que ele ainda est\u00e1 vivo. <\/p>\n<p>(*) edi\u00e7\u00e3o da Band, Novela \u201cEzel\u201d, sujeito a altera\u00e7\u00e3o de data e conte\u00fado.<\/p>\n<p>Sinopse: a novela conta a hist\u00f3ria de Omer, um rapaz de bom cora\u00e7\u00e3o que foi acusado injustamente, pelo seu melhor amigo Cengiz, de cometer crimes. E mais, sua namorada, Eysan, participa da arma\u00e7\u00e3o. Para ele a trai\u00e7\u00e3o da namorada foi a pior coisa que poderia ter acontecido. Omer \u00e9 preso. Quatros anos ap\u00f3s a sua pris\u00e3o, acontece um terr\u00edvel inc\u00eandio na penitenci\u00e1ria e o rapaz \u00e9 dado como morto. Com a ajuda de um amigo, ele se submete a v\u00e1rias cirurgias pl\u00e1sticas e muda o rosto, al\u00e9m de adotar uma nova identidade, agora ele ser\u00e1 Ezel. Oitos anos depois, Ezel \u00e9 um homem frio, calculista, ambicioso e n\u00e3o ter\u00e1 piedade de quem cruzar o seu caminho, principalmente aqueles que quase destru\u00edram a sua vida, mas ao reencontrar Eysan, a antiga paix\u00e3o come\u00e7a a falar mais alto. Enquanto isso, Eysan tornou-se uma mulher infeliz, que vive atormentada pelos pecados do passado. A partir da\u00ed um jogo de intrigas, vingan\u00e7a e sedu\u00e7\u00e3o toma conta da hist\u00f3ria.<\/p>\n","protected":false},"excerpt":{"rendered":"<p>Novela \u201cEzel\u201d resumo 12\/04: no capitulo 133 (*) da novela \u201cEzel\u201d, quarta-feira, 12 de abril, Ramiz alerta Ezel sobre um poss\u00edvel traidor entre aqueles que querem ajud\u00e1-lo. Ramiz, Omer, Eysan, Ali e Cengiz est\u00e3o em graves problemas: h\u00e1 algu\u00e9m os vigiando e que deseja machuc\u00e1-los. Ali confessa a Tefo que tem problemas e que t\u00eam [&hellip;]<\/p>\n","protected":false},"author":2,"featured_media":98061,"comment_status":"open","ping_status":"closed","sticky":false,"template":"","format":"standard","meta":{"tdm_status":"","tdm_grid_status":"","footnotes":""},"categories":[390,379,343],"tags":[441],"class_list":{"0":"post-110990","1":"post","2":"type-post","3":"status-publish","4":"format-standard","5":"has-post-thumbnail","7":"category-band","8":"category-novelas","9":"category-televisao","10":"tag-resumo-do-dia"},"_links":{"self":[{"href":"https:\/\/migracao.redenoticia.com.br\/noticia\/wp-json\/wp\/v2\/posts\/110990","targetHints":{"allow":["GET"]}}],"collection":[{"href":"https:\/\/migracao.redenoticia.com.br\/noticia\/wp-json\/wp\/v2\/posts"}],"about":[{"href":"https:\/\/migracao.redenoticia.com.br\/noticia\/wp-json\/wp\/v2\/types\/post"}],"author":[{"embeddable":true,"href":"https:\/\/migracao.redenoticia.com.br\/noticia\/wp-json\/wp\/v2\/users\/2"}],"replies":[{"embeddable":true,"href":"https:\/\/migracao.redenoticia.com.br\/noticia\/wp-json\/wp\/v2\/comments?post=110990"}],"version-history":[{"count":0,"href":"https:\/\/migracao.redenoticia.com.br\/noticia\/wp-json\/wp\/v2\/posts\/110990\/revisions"}],"wp:featuredmedia":[{"embeddable":true,"href":"https:\/\/migracao.redenoticia.com.br\/noticia\/wp-json\/wp\/v2\/media\/98061"}],"wp:attachment":[{"href":"https:\/\/migracao.redenoticia.com.br\/noticia\/wp-json\/wp\/v2\/media?parent=110990"}],"wp:term":[{"taxonomy":"category","embeddable":true,"href":"https:\/\/migracao.redenoticia.com.br\/noticia\/wp-json\/wp\/v2\/categories?post=110990"},{"taxonomy":"post_tag","embeddable":true,"href":"https:\/\/migracao.redenoticia.com.br\/noticia\/wp-json\/wp\/v2\/tags?post=110990"}],"curies":[{"name":"wp","href":"https:\/\/api.w.org\/{rel}","templated":true}]}}