{"id":111043,"date":"2017-04-12T00:36:24","date_gmt":"2017-04-12T03:36:24","guid":{"rendered":"https:\/\/www.redenoticia.com.br\/noticia\/?p=111043"},"modified":"2017-04-12T00:43:43","modified_gmt":"2017-04-12T03:43:43","slug":"inscricoes-para-o-vestibulinho-das-etecs-comecam-nesta-terca-feira","status":"publish","type":"post","link":"https:\/\/migracao.redenoticia.com.br\/noticia\/2017\/inscricoes-para-o-vestibulinho-das-etecs-comecam-nesta-terca-feira\/111043","title":{"rendered":"Inscri\u00e7\u00f5es para o vestibulinho das Etecs come\u00e7am nesta ter\u00e7a-feira"},"content":{"rendered":"<p> <strong><em>Vestibulinho das Etecs<\/em><\/strong>: os interessados em participar do\u00a0processo seletivo das Escolas T\u00e9cnicas Estaduais (Etecs) para o primeiro semestre de 2017 podem se inscrever at\u00e9 o dia 12 de maio. S\u00e3o\u00a045.881 vagas para Ensino T\u00e9cnico (presencial, semipresencial e on-line), T\u00e9cnico integrado ao M\u00e9dio na modalidade EJA, Especializa\u00e7\u00e3o T\u00e9cnica e para acesso \u00e0s vagas remanescentes de segundo m\u00f3dulo dos cursos t\u00e9cnicos.<\/p>\n<p>As vagas dispon\u00edveis para os cursos t\u00e9cnicos s\u00e3o destinadas \u00e0s Etecs\u00a0e \u00e0s classes descentralizadas (unidades que funcionam com um ou mais cursos, sob a administra\u00e7\u00e3o de uma Etec) por meio de parcerias com as prefeituras do interior e da Capital (aulas nos CEUs) e com a Secretaria estadual da Educa\u00e7\u00e3o para oferta do Ensino T\u00e9cnico em salas de escolas estaduais.Certifica\u00e7\u00e3o de Compet\u00eancia<br \/>\nO vestibulinho tamb\u00e9m oferece vagas remanescentes de segundo m\u00f3dulo para dez cursos t\u00e9cnicos: Administra\u00e7\u00e3o, Edifica\u00e7\u00f5es, Eletr\u00f4nica, Eletrot\u00e9cnica, Inform\u00e1tica, Log\u00edstica, Mec\u00e2nica, Nutri\u00e7\u00e3o e Diet\u00e9tica, Recursos Humanos e Seguran\u00e7a do Trabalho.<\/p>\n<p>Os interessados devem ter conclu\u00eddo o Ensino M\u00e9dio e ter experi\u00eancia profissional na \u00e1rea do curso, mediante avalia\u00e7\u00e3o e certifica\u00e7\u00e3o de compet\u00eancias referentes ao primeiro m\u00f3dulo.<\/p>\n<p>Inscri\u00e7\u00f5es<br \/>\nPara concorrer a uma das vagas, o candidato deve ter conclu\u00eddo o Ensino Fundamental nas modalidades regular, Educa\u00e7\u00e3o de Jovens e Adultos (EJA) ou o Exame Nacional para Certifica\u00e7\u00e3o de Compet\u00eancias de Jovens e Adultos (Encceja).<\/p>\n<p>Os que pretendem fazer o Ensino T\u00e9cnico precisam ter conclu\u00eddo ou estar cursando a partir do segundo ano do Ensino M\u00e9dio. O candidato que concluiu ou est\u00e1 cursando o ensino de EJA ou o Encceja deve ter o certificado de conclus\u00e3o do Ensino M\u00e9dio, declara\u00e7\u00e3o de que est\u00e1 matriculado a partir do segundo semestre da EJA, ou ter dois certificados de aprova\u00e7\u00e3o em \u00e1reas de estudos da EJA ou boletim de aprova\u00e7\u00e3o do Encceja enviado pelo MEC ou certificado de aprova\u00e7\u00e3o do Encceja em duas \u00e1reas de estudos avaliadas.<\/p>\n<p>A inscri\u00e7\u00e3o para o processo seletivo deve ser feita exclusivamente pela Internet no\u00a0.<\/p>\n<p>Inclus\u00e3o social<br \/>\nO Sistema de Pontua\u00e7\u00e3o Acrescida concede acr\u00e9scimo de pontos \u00e0 nota final obtida no exame, sendo 3% a estudantes afrodescendentes e 10% a oriundos da rede p\u00fablica. Se o candidato estiver nas duas situa\u00e7\u00f5es, recebe 13% de b\u00f4nus.<\/p>\n<p>Para ter direito ao b\u00f4nus, o candidato afrodescendente e\/ou oriundo da rede p\u00fablica deve fazer a autodeclara\u00e7\u00e3o no ato da inscri\u00e7\u00e3o.<\/p>\n<p>\u00c9 imprescind\u00edvel ler o Manual do Candidato antes de fazer a inscri\u00e7\u00e3o para saber se realmente tem direito \u00e0 pontua\u00e7\u00e3o acrescida, pois a matr\u00edcula n\u00e3o poder\u00e1 ser realizada e a vaga ser\u00e1 perdida caso as informa\u00e7\u00f5es n\u00e3o atendam \u00e0s condi\u00e7\u00f5es estabelecidas em sua totalidade.<\/p>\n<p>Outras informa\u00e7\u00f5es pelos telefones (11) 3471-4071 (Capital e Grande S\u00e3o Paulo) e 0800-772 2829 (demais localidades) ou pelo\u00a0.<\/p>\n<p>Do Portal do Governo SP<\/p>\n","protected":false},"excerpt":{"rendered":"<p>Vestibulinho das Etecs: os interessados em participar do\u00a0processo seletivo das Escolas T\u00e9cnicas Estaduais (Etecs) para o primeiro semestre de 2017 podem se inscrever at\u00e9 o dia 12 de maio. S\u00e3o\u00a045.881 vagas para Ensino T\u00e9cnico (presencial, semipresencial e on-line), T\u00e9cnico integrado ao M\u00e9dio na modalidade EJA, Especializa\u00e7\u00e3o T\u00e9cnica e para acesso \u00e0s vagas remanescentes de segundo [&hellip;]<\/p>\n","protected":false},"author":2,"featured_media":34896,"comment_status":"open","ping_status":"closed","sticky":false,"template":"","format":"standard","meta":{"tdm_status":"","tdm_grid_status":"","footnotes":""},"categories":[22,370,295],"tags":[],"class_list":{"0":"post-111043","1":"post","2":"type-post","3":"status-publish","4":"format-standard","5":"has-post-thumbnail","7":"category-brasil","8":"category-inscricao","9":"category-vestibular"},"_links":{"self":[{"href":"https:\/\/migracao.redenoticia.com.br\/noticia\/wp-json\/wp\/v2\/posts\/111043","targetHints":{"allow":["GET"]}}],"collection":[{"href":"https:\/\/migracao.redenoticia.com.br\/noticia\/wp-json\/wp\/v2\/posts"}],"about":[{"href":"https:\/\/migracao.redenoticia.com.br\/noticia\/wp-json\/wp\/v2\/types\/post"}],"author":[{"embeddable":true,"href":"https:\/\/migracao.redenoticia.com.br\/noticia\/wp-json\/wp\/v2\/users\/2"}],"replies":[{"embeddable":true,"href":"https:\/\/migracao.redenoticia.com.br\/noticia\/wp-json\/wp\/v2\/comments?post=111043"}],"version-history":[{"count":0,"href":"https:\/\/migracao.redenoticia.com.br\/noticia\/wp-json\/wp\/v2\/posts\/111043\/revisions"}],"wp:featuredmedia":[{"embeddable":true,"href":"https:\/\/migracao.redenoticia.com.br\/noticia\/wp-json\/wp\/v2\/media\/34896"}],"wp:attachment":[{"href":"https:\/\/migracao.redenoticia.com.br\/noticia\/wp-json\/wp\/v2\/media?parent=111043"}],"wp:term":[{"taxonomy":"category","embeddable":true,"href":"https:\/\/migracao.redenoticia.com.br\/noticia\/wp-json\/wp\/v2\/categories?post=111043"},{"taxonomy":"post_tag","embeddable":true,"href":"https:\/\/migracao.redenoticia.com.br\/noticia\/wp-json\/wp\/v2\/tags?post=111043"}],"curies":[{"name":"wp","href":"https:\/\/api.w.org\/{rel}","templated":true}]}}