{"id":111104,"date":"2017-04-12T16:32:45","date_gmt":"2017-04-12T19:32:45","guid":{"rendered":"https:\/\/www.redenoticia.com.br\/noticia\/?p=111104"},"modified":"2017-04-12T13:41:00","modified_gmt":"2017-04-12T16:41:00","slug":"resumo-novela-carinha-de-anjo-1304-dulce-diz-para-cecilia-que-so-diria-eu-te-amo-para-ela","status":"publish","type":"post","link":"https:\/\/migracao.redenoticia.com.br\/noticia\/2017\/resumo-novela-carinha-de-anjo-1304-dulce-diz-para-cecilia-que-so-diria-eu-te-amo-para-ela\/111104","title":{"rendered":"Resumo novela \u201cCarinha de Anjo\u201d 13\/04: Dulce diz para Cec\u00edlia que s\u00f3 diria eu te amo para ela"},"content":{"rendered":"<p><img loading=\"lazy\" decoding=\"async\" class=\"alignleft size-thumbnail wp-image-99331\" src=\"https:\/\/migracao.redenoticia.com.br\/noticia\/imagens\/carinha_de_anjo_sbt_novela_resumo_capitulo-150x112.jpg\" alt=\"carinha_de_anjo_sbt_novela_resumo_capitulo\" width=\"150\" height=\"112\" srcset=\"https:\/\/migracao.redenoticia.com.br\/noticia\/imagens\/carinha_de_anjo_sbt_novela_resumo_capitulo-150x112.jpg 150w, https:\/\/migracao.redenoticia.com.br\/noticia\/imagens\/carinha_de_anjo_sbt_novela_resumo_capitulo-265x198.jpg 265w\" sizes=\"auto, (max-width: 150px) 100vw, 150px\" \/><strong><em>Resumo novela \u201cCarinha de Anjo\u201d 13\/04<\/em><\/strong>: no cap\u00edtulo 104(*) da novela \u201cCarinha de Anjo\u201d, resumo de quinta-feira, 13 de abril, no quarto de Dulce, a menina brinca com Em\u00edlio \u00e9 Z\u00e9 Felipe. Ela diz que Em\u00edlio pode pegar o que quiser em seu quarto para decorar a festa de Rosana. Em\u00edlio liga para Peixoto e combina algo com ele. Juju e Zeca convencem Rosana a sair com Silvana. F\u00e1tima e Ver\u00f4nica gostam bastante do caf\u00e9 que Crist\u00f3v\u00e3o fez. Eles conversam sobre suas desilus\u00f5es amorosas. Crist\u00f3v\u00e3o leva F\u00e1tima de carona para o food truck. Fl\u00e1vio, que estava indo pagar sua d\u00edvida com a mo\u00e7a, quase cruza com os dois. Gustavo leva Dulce para a pra\u00e7a onde fica o food truck. B\u00e1bara e Frida brincam na pra\u00e7a e comemoram o fato de terem conseguido fazer com que n\u00e3o tivesse aula no col\u00e9gio. In\u00e1cio e Diana pedem um tempo a s\u00f3s para conversar. Eles decidem ficar com o sobrinho. Fabiana e Cec\u00edlia v\u00e3o ao food truck. Gustavo diz a Cec\u00edlia que ela tomou a decis\u00e3o certa ao recusar o convite de Estef\u00e2nia. Eles conversam sobre Dulce e Nicole chega. Cec\u00edlia vai atr\u00e1s de Fabiana, que est\u00e1 brincando com Dulce. A menina conta pra Cec\u00edlia o que aconteceu na grava\u00e7\u00e3o do comercial e que s\u00f3 diria eu te amo para sua m\u00e3e e para ela. Cec\u00edlia vai embora, cabisbaixa. Rosana sai de casa e os meninos iniciam os preparativos da surpresa de anivers\u00e1rio. Peixoto finge que tem que investigar algo no cemit\u00e9rio de noite e pede que Ribeiro fa\u00e7a o plant\u00e3o em seu lugar. Na verdade, ele est\u00e1 indo ao anivers\u00e1rio de Rosana. Antes de dormir, Cec\u00edlia reza e diz a Deus que n\u00e3o sabe se est\u00e1 no caminho certo.<\/p>\n<p>(*) edi\u00e7\u00e3o do SBT, Novela \u201cCarinha de Anjo\u201d, sujeito a altera\u00e7\u00e3o de data e conte\u00fado.<\/p>\n<p>Carinha de Anjo \u00e9 uma telenovela brasileira produzida e exibida originalmente pelo SBT desde o dia 21 de novembro de 2016, substituindo o hor\u00e1rio anteriormente ocupado por C\u00famplices de um Resgate. A telenovela \u00e9 inspirada na mexicana Carita de \u00e1ngel, que, por sua vez, \u00e9 um remake de Mundo de juguete, ambas produzidas pela Televisa e que haviam sido baseadas na trama argentina escrita por Abel Santa Cruz, Pap\u00e1 coraz\u00f3n. Esta ser\u00e1 a segunda adapta\u00e7\u00e3o brasileira da obra original argentina, visto que a Rede Tupi apresentou em 1976 a sua primeira vers\u00e3o, chamada de Papai Cora\u00e7\u00e3o. A nova vers\u00e3o \u00e9 escrita por Leonor Corr\u00eaa, com supervis\u00e3o de \u00cdris Abravanel e dire\u00e7\u00e3o geral de Ricardo Mantoanelli. A trama conta com Lorena Queiroz, Bia Arantes, Carlo Porto, Priscila Sol, Dani Gondim, Karin Hils, Eliana Guttman e Lucero nos pap\u00e9is principais.<\/p>\n","protected":false},"excerpt":{"rendered":"<p>Resumo novela \u201cCarinha de Anjo\u201d 13\/04: no cap\u00edtulo 104(*) da novela \u201cCarinha de Anjo\u201d, resumo de quinta-feira, 13 de abril, no quarto de Dulce, a menina brinca com Em\u00edlio \u00e9 Z\u00e9 Felipe. Ela diz que Em\u00edlio pode pegar o que quiser em seu quarto para decorar a festa de Rosana. Em\u00edlio liga para Peixoto e [&hellip;]<\/p>\n","protected":false},"author":4,"featured_media":99331,"comment_status":"open","ping_status":"closed","sticky":false,"template":"","format":"standard","meta":{"tdm_status":"","tdm_grid_status":"","footnotes":""},"categories":[452,379,372,343],"tags":[441],"class_list":{"0":"post-111104","1":"post","2":"type-post","3":"status-publish","4":"format-standard","5":"has-post-thumbnail","7":"category-carinha-de-anjo","8":"category-novelas","9":"category-sbt","10":"category-televisao","11":"tag-resumo-do-dia"},"_links":{"self":[{"href":"https:\/\/migracao.redenoticia.com.br\/noticia\/wp-json\/wp\/v2\/posts\/111104","targetHints":{"allow":["GET"]}}],"collection":[{"href":"https:\/\/migracao.redenoticia.com.br\/noticia\/wp-json\/wp\/v2\/posts"}],"about":[{"href":"https:\/\/migracao.redenoticia.com.br\/noticia\/wp-json\/wp\/v2\/types\/post"}],"author":[{"embeddable":true,"href":"https:\/\/migracao.redenoticia.com.br\/noticia\/wp-json\/wp\/v2\/users\/4"}],"replies":[{"embeddable":true,"href":"https:\/\/migracao.redenoticia.com.br\/noticia\/wp-json\/wp\/v2\/comments?post=111104"}],"version-history":[{"count":0,"href":"https:\/\/migracao.redenoticia.com.br\/noticia\/wp-json\/wp\/v2\/posts\/111104\/revisions"}],"wp:featuredmedia":[{"embeddable":true,"href":"https:\/\/migracao.redenoticia.com.br\/noticia\/wp-json\/wp\/v2\/media\/99331"}],"wp:attachment":[{"href":"https:\/\/migracao.redenoticia.com.br\/noticia\/wp-json\/wp\/v2\/media?parent=111104"}],"wp:term":[{"taxonomy":"category","embeddable":true,"href":"https:\/\/migracao.redenoticia.com.br\/noticia\/wp-json\/wp\/v2\/categories?post=111104"},{"taxonomy":"post_tag","embeddable":true,"href":"https:\/\/migracao.redenoticia.com.br\/noticia\/wp-json\/wp\/v2\/tags?post=111104"}],"curies":[{"name":"wp","href":"https:\/\/api.w.org\/{rel}","templated":true}]}}