{"id":111106,"date":"2017-04-12T16:33:38","date_gmt":"2017-04-12T19:33:38","guid":{"rendered":"https:\/\/www.redenoticia.com.br\/noticia\/?p=111106"},"modified":"2017-04-12T13:42:55","modified_gmt":"2017-04-12T16:42:55","slug":"resumo-novela-chiquititas-1304-fernando-aconselha-vivi-a-contar-a-verdade-para-matias","status":"publish","type":"post","link":"https:\/\/migracao.redenoticia.com.br\/noticia\/2017\/resumo-novela-chiquititas-1304-fernando-aconselha-vivi-a-contar-a-verdade-para-matias\/111106","title":{"rendered":"Resumo novela \u201cChiquititas\u201d 13\/04: Fernando aconselha Vivi a contar a verdade para Matias"},"content":{"rendered":"<p><img loading=\"lazy\" decoding=\"async\" class=\"alignleft size-thumbnail wp-image-49690\" src=\"https:\/\/migracao.redenoticia.com.br\/noticia\/imagens\/chiquititas1-150x112.jpg\" alt=\"chiquititas\" width=\"150\" height=\"112\" \/><strong><em>Resumo novela \u201cChiquititas\u201d 13\/04<\/em><\/strong>: no cap\u00edtulo 153(*) da novela \u201cChiquititas\u201d, resumo de quinta-feira, 13 de abril, Carmen vai ao orfanato e presenteia as crian\u00e7as com as bicicletas do Ferrashi. Carmen diz para Cintia que estranhou ela n\u00e3o aceitar as bicicletas. Vivi fica arrependida de n\u00e3o ter dito a verdade para Matias. Dani vai atr\u00e1s de Maria no quarto e empurra a pequena. Dani diz que ela n\u00e3o roubar\u00e1 a boneca e nem a Carol dela. Tom\u00e1s Ferraz, que na verdade \u00e9 Tobias disfar\u00e7ado de cantor portugu\u00eas, vai ao SBT para participar de uma grava\u00e7\u00e3o do De Frente Com Gabi, com Mar\u00edlia Gabriela. No orfanato, Dani faz muita birra e consegue a boneca Laura de volta. Mili entrega sua melhor boneca para Maria, mas n\u00e3o consegue alegrar a pequena. Vivi finge um desmaio para que Matias e Ferrashi n\u00e3o entrem no orfanato com ela. Os dois a levam para o hospital e l\u00e1 se deparam com Fernando. Matias e Ferrashi v\u00e3o embora. Fernando aconselha Vivi a dizer a verdade para Matias e diz que ela precisa ser corajosa para enfrentar as consequ\u00eancias das suas mentiras. Mili diz que \u00e9 amiga de Maria e que sempre lhe proteger\u00e1. Maria abra\u00e7a Mili. Todos assistem a entrevista do Tom\u00e1s Ferraz, que atinge grandes propor\u00e7\u00f5es. Eduarda diz para Maria Cec\u00edlia que tem certeza que ele falou dela, quando se referiu que seu cora\u00e7\u00e3o j\u00e1 tem dono. Maria Cec\u00edlia diz para Eduarda que n\u00e3o ligar\u00e1 para Tom\u00e1s, pois j\u00e1 est\u00e1 namorando e que em breve ela conhecer\u00e1 o rapaz. Carol compra uma nova boneca para Maria, mas n\u00e3o \u00e9 igual Laura. A pequenina continua triste.<\/p>\n<p>(*) edi\u00e7\u00e3o do SBT, Novela \u201cChiquititas\u201d, sujeito a altera\u00e7\u00e3o de data e conte\u00fado.<\/p>\n<p>Chiquititas gira em torno do orfanato Raio de Luz, que carrega em sua hist\u00f3ria um grande segredo envolvendo a fam\u00edlia e o dono do orfanato, Dr. Jos\u00e9 Ricardo Almeida Campos. Em um per\u00edodo anterior \u00e0 novela, exatos treze anos, sua filha Gabriela se apaixonou e ficou gr\u00e1vida de Miguel, filho de Valentina, empregada da casa dos Almeida Campos. Pouco depois, Jos\u00e9 Ricardo sequestrou sua neta, pois, como um homem conservador, ele n\u00e3o aceitava a ideia de que sua filha se envolvesse com um empregado. Como sua neta, Milena, apelidada como Mili, precisava de um lugar para morar, ele comprou um casar\u00e3o e fundou um orfanato, o Raio de Luz. Mili cresceu l\u00e1 com outras garotas que chegaram posteriormente: Bia, Ana, as irm\u00e3s Tati e Vivi, e Cris. Ao decorrer dos anos, elas se tornam uma fam\u00edlia. Elas s\u00e3o supervisionadas por Ernestina, zeladora do orfanato, e Chico, o cozinheiro amado pelas internas. Sofia, ex-governanta da fam\u00edlia Almeida Campos, \u00e9 a diretora do lugar, at\u00e9 que Carmem, irm\u00e3 de Jos\u00e9 Ricardo, entre em seu lugar. Chegam ainda mais \u00f3rf\u00e3os: Pata, Mosca, Binho e Rafa, que viviam nas ruas antes de entrarem na institui\u00e7\u00e3o. Pata e Mili tornam-se amigas rapidamente, enquanto Mosca, Binho e Rafa s\u00e3o os primeiros garotos a entrar no abrigo. As crian\u00e7as sem-teto foram ajudadas por uma doce e bela garota que tocam e mudam a vida delas, assim como as das garotas \u00f3rf\u00e3s.<\/p>\n","protected":false},"excerpt":{"rendered":"<p>Resumo novela \u201cChiquititas\u201d 13\/04: no cap\u00edtulo 153(*) da novela \u201cChiquititas\u201d, resumo de quinta-feira, 13 de abril, Carmen vai ao orfanato e presenteia as crian\u00e7as com as bicicletas do Ferrashi. Carmen diz para Cintia que estranhou ela n\u00e3o aceitar as bicicletas. Vivi fica arrependida de n\u00e3o ter dito a verdade para Matias. Dani vai atr\u00e1s de [&hellip;]<\/p>\n","protected":false},"author":4,"featured_media":49690,"comment_status":"open","ping_status":"closed","sticky":false,"template":"","format":"standard","meta":{"tdm_status":"","tdm_grid_status":"","footnotes":""},"categories":[409,379,372,343],"tags":[441],"class_list":{"0":"post-111106","1":"post","2":"type-post","3":"status-publish","4":"format-standard","5":"has-post-thumbnail","7":"category-chiquititas","8":"category-novelas","9":"category-sbt","10":"category-televisao","11":"tag-resumo-do-dia"},"_links":{"self":[{"href":"https:\/\/migracao.redenoticia.com.br\/noticia\/wp-json\/wp\/v2\/posts\/111106","targetHints":{"allow":["GET"]}}],"collection":[{"href":"https:\/\/migracao.redenoticia.com.br\/noticia\/wp-json\/wp\/v2\/posts"}],"about":[{"href":"https:\/\/migracao.redenoticia.com.br\/noticia\/wp-json\/wp\/v2\/types\/post"}],"author":[{"embeddable":true,"href":"https:\/\/migracao.redenoticia.com.br\/noticia\/wp-json\/wp\/v2\/users\/4"}],"replies":[{"embeddable":true,"href":"https:\/\/migracao.redenoticia.com.br\/noticia\/wp-json\/wp\/v2\/comments?post=111106"}],"version-history":[{"count":0,"href":"https:\/\/migracao.redenoticia.com.br\/noticia\/wp-json\/wp\/v2\/posts\/111106\/revisions"}],"wp:featuredmedia":[{"embeddable":true,"href":"https:\/\/migracao.redenoticia.com.br\/noticia\/wp-json\/wp\/v2\/media\/49690"}],"wp:attachment":[{"href":"https:\/\/migracao.redenoticia.com.br\/noticia\/wp-json\/wp\/v2\/media?parent=111106"}],"wp:term":[{"taxonomy":"category","embeddable":true,"href":"https:\/\/migracao.redenoticia.com.br\/noticia\/wp-json\/wp\/v2\/categories?post=111106"},{"taxonomy":"post_tag","embeddable":true,"href":"https:\/\/migracao.redenoticia.com.br\/noticia\/wp-json\/wp\/v2\/tags?post=111106"}],"curies":[{"name":"wp","href":"https:\/\/api.w.org\/{rel}","templated":true}]}}