{"id":111129,"date":"2017-04-13T00:08:46","date_gmt":"2017-04-13T03:08:46","guid":{"rendered":"https:\/\/www.redenoticia.com.br\/noticia\/?p=111129"},"modified":"2017-04-12T15:51:12","modified_gmt":"2017-04-12T18:51:12","slug":"abertas-as-inscricoes-para-mba-oferecido-pelo-larc-da-escola-politecnica","status":"publish","type":"post","link":"https:\/\/migracao.redenoticia.com.br\/noticia\/2017\/abertas-as-inscricoes-para-mba-oferecido-pelo-larc-da-escola-politecnica\/111129","title":{"rendered":"Abertas as inscri\u00e7\u00f5es para MBA oferecido pelo LARC da Escola Polit\u00e9cnica"},"content":{"rendered":"<p> Ag\u00eancia FAPESP MBA LARC \u2013 Encerram em 16 de abril as inscri\u00e7\u00f5es para o curso <strong><em>MBA em Inova\u00e7\u00e3o Tecnol\u00f3gica em Comunica\u00e7\u00e3o e Redes<\/em><\/strong> ofertado pelo Laborat\u00f3rio de Arquitetura e Redes de Computadores (LARC) do Departamento de Engenharia de Computa\u00e7\u00e3o e Sistemas Digitais da Escola Polit\u00e9cnica da Universidade de S\u00e3o Paulo (USP).<\/p>\n<p>O curso \u00e9 destinado a profissionais graduados que atuem ou desejem atuar na \u00e1rea de teleinform\u00e1tica. O processo de sele\u00e7\u00e3o inclui: an\u00e1lise do curr\u00edculo e do hist\u00f3rico escolar do candidato, entrevistas individuais e reda\u00e7\u00e3o.<\/p>\n<p>A dura\u00e7\u00e3o \u00e9 de 12 meses com aulas presenciais a serem ministradas \u00e0s segundas, ter\u00e7as e quintas-feiras, das 19 \u00e0s 22 horas. Excepcionalmente, \u00e0s quartas e sextas-feiras, ser\u00e3o agendadas aulas de laborat\u00f3rios, provas de recupera\u00e7\u00e3o ou palestras.<\/p>\n<p>Conclu\u00edda a fase das aulas presenciais os alunos ter\u00e3o mais tr\u00eas meses para o desenvolvimento do trabalho de monografia.<\/p>\n<p>Inscri\u00e7\u00f5es devem ser feitas no site .<\/p>\n<p>Mais informa\u00e7\u00f5es podem ser obtidas pelo telefone (11) 3091-2996.<\/p>\n","protected":false},"excerpt":{"rendered":"<p>Ag\u00eancia FAPESP MBA LARC \u2013 Encerram em 16 de abril as inscri\u00e7\u00f5es para o curso MBA em Inova\u00e7\u00e3o Tecnol\u00f3gica em Comunica\u00e7\u00e3o e Redes ofertado pelo Laborat\u00f3rio de Arquitetura e Redes de Computadores (LARC) do Departamento de Engenharia de Computa\u00e7\u00e3o e Sistemas Digitais da Escola Polit\u00e9cnica da Universidade de S\u00e3o Paulo (USP). O curso \u00e9 destinado [&hellip;]<\/p>\n","protected":false},"author":2,"featured_media":36246,"comment_status":"open","ping_status":"closed","sticky":false,"template":"","format":"standard","meta":{"tdm_status":"","tdm_grid_status":"","footnotes":""},"categories":[22,351,370],"tags":[],"class_list":{"0":"post-111129","1":"post","2":"type-post","3":"status-publish","4":"format-standard","5":"has-post-thumbnail","7":"category-brasil","8":"category-cursos","9":"category-inscricao"},"_links":{"self":[{"href":"https:\/\/migracao.redenoticia.com.br\/noticia\/wp-json\/wp\/v2\/posts\/111129","targetHints":{"allow":["GET"]}}],"collection":[{"href":"https:\/\/migracao.redenoticia.com.br\/noticia\/wp-json\/wp\/v2\/posts"}],"about":[{"href":"https:\/\/migracao.redenoticia.com.br\/noticia\/wp-json\/wp\/v2\/types\/post"}],"author":[{"embeddable":true,"href":"https:\/\/migracao.redenoticia.com.br\/noticia\/wp-json\/wp\/v2\/users\/2"}],"replies":[{"embeddable":true,"href":"https:\/\/migracao.redenoticia.com.br\/noticia\/wp-json\/wp\/v2\/comments?post=111129"}],"version-history":[{"count":0,"href":"https:\/\/migracao.redenoticia.com.br\/noticia\/wp-json\/wp\/v2\/posts\/111129\/revisions"}],"wp:featuredmedia":[{"embeddable":true,"href":"https:\/\/migracao.redenoticia.com.br\/noticia\/wp-json\/wp\/v2\/media\/36246"}],"wp:attachment":[{"href":"https:\/\/migracao.redenoticia.com.br\/noticia\/wp-json\/wp\/v2\/media?parent=111129"}],"wp:term":[{"taxonomy":"category","embeddable":true,"href":"https:\/\/migracao.redenoticia.com.br\/noticia\/wp-json\/wp\/v2\/categories?post=111129"},{"taxonomy":"post_tag","embeddable":true,"href":"https:\/\/migracao.redenoticia.com.br\/noticia\/wp-json\/wp\/v2\/tags?post=111129"}],"curies":[{"name":"wp","href":"https:\/\/api.w.org\/{rel}","templated":true}]}}