{"id":111133,"date":"2017-04-13T00:13:08","date_gmt":"2017-04-13T03:13:08","guid":{"rendered":"https:\/\/www.redenoticia.com.br\/noticia\/?p=111133"},"modified":"2017-04-12T15:56:22","modified_gmt":"2017-04-12T18:56:22","slug":"governo-agiliza-exame-de-patentes-e-entrada-de-genericos-no-mercado","status":"publish","type":"post","link":"https:\/\/migracao.redenoticia.com.br\/noticia\/2017\/governo-agiliza-exame-de-patentes-e-entrada-de-genericos-no-mercado\/111133","title":{"rendered":"Governo agiliza exame de patentes e entrada de gen\u00e9ricos no mercado"},"content":{"rendered":"<p> O exame de <strong><em>patentes de medicamentos<\/em><\/strong> e a chegada de novos gen\u00e9ricos ao mercado ser\u00e3o agilizados com a assinatura de acordo entre a Ag\u00eancia Nacional de Vigil\u00e2ncia Sanit\u00e1ria (Anvisa) e o Instituto Nacional da Propriedade Industrial (Inpi). A avalia\u00e7\u00e3o \u00e9 dos presidentes da Anvisa, Jarbas Barbosa, e do Inpi, Luiz Ot\u00e1vio Pimentel.<\/p>\n<p>Nesta quarta-feira (12), no Pal\u00e1cio do Planalto, em Bras\u00edlia, foi assinada uma portaria conjunta que p\u00f5e fim ao impasse de 16 anos entre os dois \u00f3rg\u00e3os na \u00e1rea de produtos e processos farmac\u00eauticos. A medida envolve mais de 20 mil pedidos de patente.<\/p>\n<p>Sa\u00fade P\u00fablica<\/p>\n<p>Com a nova regra, a Anvisa fica respons\u00e1vel pela an\u00e1lise dos pedidos com foco no impacto \u00e0 sa\u00fade p\u00fablica, enquanto o Inpi ser\u00e1 respons\u00e1vel pelos crit\u00e9rios de patenteabilidade.<\/p>\n<p>De acordo com Barbosa, a medida ajudar a ampliar o lan\u00e7amento de produtos gen\u00e9ricos por conta da an\u00e1lise mais r\u00e1pida. Isso porque o impasse entre os \u00f3rg\u00e3os fazia com que a patente ficasse vigente por prazo superior ao previsto de 10 anos.<\/p>\n<p>Enquanto a patente est\u00e1 vigente, n\u00e3o \u00e9 poss\u00edvel lan\u00e7ar medicamentos gen\u00e9ricos. \u201cD\u00e1 previsibilidade e o tempo da patente s\u00f3 vai ser o previsto na lei, n\u00e3o vai ter essa extens\u00e3o indevida\u201d, disse.<\/p>\n<p>Kelly Oliveira &#8211; Rep\u00f3rter da Ag\u00eancia Brasil<br \/>\nEdi\u00e7\u00e3o: Kleber Sampaio<br \/>\n13\/04\/2017<\/p>\n","protected":false},"excerpt":{"rendered":"<p>O exame de patentes de medicamentos e a chegada de novos gen\u00e9ricos ao mercado ser\u00e3o agilizados com a assinatura de acordo entre a Ag\u00eancia Nacional de Vigil\u00e2ncia Sanit\u00e1ria (Anvisa) e o Instituto Nacional da Propriedade Industrial (Inpi). A avalia\u00e7\u00e3o \u00e9 dos presidentes da Anvisa, Jarbas Barbosa, e do Inpi, Luiz Ot\u00e1vio Pimentel. Nesta quarta-feira (12), [&hellip;]<\/p>\n","protected":false},"author":2,"featured_media":37376,"comment_status":"open","ping_status":"closed","sticky":false,"template":"","format":"standard","meta":{"tdm_status":"","tdm_grid_status":"","footnotes":""},"categories":[22,5],"tags":[],"class_list":{"0":"post-111133","1":"post","2":"type-post","3":"status-publish","4":"format-standard","5":"has-post-thumbnail","7":"category-brasil","8":"category-saude-e-vida"},"_links":{"self":[{"href":"https:\/\/migracao.redenoticia.com.br\/noticia\/wp-json\/wp\/v2\/posts\/111133","targetHints":{"allow":["GET"]}}],"collection":[{"href":"https:\/\/migracao.redenoticia.com.br\/noticia\/wp-json\/wp\/v2\/posts"}],"about":[{"href":"https:\/\/migracao.redenoticia.com.br\/noticia\/wp-json\/wp\/v2\/types\/post"}],"author":[{"embeddable":true,"href":"https:\/\/migracao.redenoticia.com.br\/noticia\/wp-json\/wp\/v2\/users\/2"}],"replies":[{"embeddable":true,"href":"https:\/\/migracao.redenoticia.com.br\/noticia\/wp-json\/wp\/v2\/comments?post=111133"}],"version-history":[{"count":0,"href":"https:\/\/migracao.redenoticia.com.br\/noticia\/wp-json\/wp\/v2\/posts\/111133\/revisions"}],"wp:featuredmedia":[{"embeddable":true,"href":"https:\/\/migracao.redenoticia.com.br\/noticia\/wp-json\/wp\/v2\/media\/37376"}],"wp:attachment":[{"href":"https:\/\/migracao.redenoticia.com.br\/noticia\/wp-json\/wp\/v2\/media?parent=111133"}],"wp:term":[{"taxonomy":"category","embeddable":true,"href":"https:\/\/migracao.redenoticia.com.br\/noticia\/wp-json\/wp\/v2\/categories?post=111133"},{"taxonomy":"post_tag","embeddable":true,"href":"https:\/\/migracao.redenoticia.com.br\/noticia\/wp-json\/wp\/v2\/tags?post=111133"}],"curies":[{"name":"wp","href":"https:\/\/api.w.org\/{rel}","templated":true}]}}