{"id":111260,"date":"2017-04-15T00:13:21","date_gmt":"2017-04-15T03:13:21","guid":{"rendered":"https:\/\/www.redenoticia.com.br\/noticia\/?p=111260"},"modified":"2017-04-14T14:25:34","modified_gmt":"2017-04-14T17:25:34","slug":"resumo-novela-chiquititas-1704-gabi-fala-a-segunda-palavra-em-anos","status":"publish","type":"post","link":"https:\/\/migracao.redenoticia.com.br\/noticia\/2017\/resumo-novela-chiquititas-1704-gabi-fala-a-segunda-palavra-em-anos\/111260","title":{"rendered":"Resumo novela \u201cChiquititas\u201d 17\/04: Gabi fala a segunda palavra em anos"},"content":{"rendered":"<p><img loading=\"lazy\" decoding=\"async\" class=\"alignleft size-thumbnail wp-image-49690\" src=\"https:\/\/migracao.redenoticia.com.br\/noticia\/imagens\/chiquititas1-150x112.jpg\" alt=\"chiquititas\" width=\"150\" height=\"112\" \/><strong><em>Resumo novela \u201cChiquititas\u201d 17\/04<\/em><\/strong>: no cap\u00edtulo 155(*) da novela \u201cChiquititas\u201d, resumo de segunda-feira, 17 de abril, Binho, Rafa e Mosca fazem palha\u00e7adas para tentar animar Maria, mas sem sucesso. As crian\u00e7as tentam convencer Dani a emprestar a boneca para Maria. Dani insiste na birra. Todos decidem deixar ela sozinha e ir ao p\u00e1tio desenhar com Maria. Vivi vai atr\u00e1s de Matias na casa dele. Os dois conversam na porta. Ela tenta se explicar e contar toda a verdade, mas Matias lembra que a menina o fez namorar algu\u00e9m que n\u00e3o existia. Junior e Valentina mostram um v\u00eddeo para Gabi de quando eram crian\u00e7as. Gabi, que sofre de um grave bloqueio psicol\u00f3gico, fala a segunda palavra em anos. Ela diz a palavra m\u00e3e. Carmen briga com Duda por ter pego seu computador sem autoriza\u00e7\u00e3o. Duda reclama da grosseria dela e diz que ela deve estar na menopausa. Carmen diz que ele \u00e9 respond\u00e3o. Carmen decide dar uma olhada no que est\u00e1 acontecendo na diretoria do orfanato atrav\u00e9s da c\u00e2mera e microfone instalados secretamente no local. Carmen estranha o linguajar de Ernestina, que na verdade \u00e9 Matilde. Cintia diz que precisam tomar cuidado com Carmen e Matilde diz que Carmen \u00e9 uma perua. Carmen acha tudo um atrevimento. Dani deixa Maria ficar com sua boneca durante a refei\u00e7\u00e3o e surpreende a todos. Durante o jantar na casa de Maria Cec\u00edlia, Eduarda fica surpresa ao saber que Junior \u00e9 o namorado de sua filha. Carmen escuta Cintia chamar Ernestina de Matilde e decide investigar. Dani diz para Maria que n\u00e3o pegar\u00e1 a boneca de volta se ela n\u00e3o se aproximar mais de Carol. Vivi est\u00e1 triste e desmotivada at\u00e9 para ir para a escola devido ao que aconteceu entre ela e Matias. Beto mostra uma nova m\u00fasica para Tobias cantar como Tom\u00e1s Ferraz. Chico d\u00e1 100 reais para Ernestina fazer compras pro almo\u00e7o das chiquititas. Ernestina, que na verdade \u00e9 Matilde, decide comprar tudo do mais barato para pegar o troco das compras para ela.<\/p>\n<p>(*) edi\u00e7\u00e3o do SBT, Novela \u201cChiquititas\u201d, sujeito a altera\u00e7\u00e3o de data e conte\u00fado.<\/p>\n<p>Chiquititas gira em torno do orfanato Raio de Luz, que carrega em sua hist\u00f3ria um grande segredo envolvendo a fam\u00edlia e o dono do orfanato, Dr. Jos\u00e9 Ricardo Almeida Campos. Em um per\u00edodo anterior \u00e0 novela, exatos treze anos, sua filha Gabriela se apaixonou e ficou gr\u00e1vida de Miguel, filho de Valentina, empregada da casa dos Almeida Campos. Pouco depois, Jos\u00e9 Ricardo sequestrou sua neta, pois, como um homem conservador, ele n\u00e3o aceitava a ideia de que sua filha se envolvesse com um empregado. Como sua neta, Milena, apelidada como Mili, precisava de um lugar para morar, ele comprou um casar\u00e3o e fundou um orfanato, o Raio de Luz. Mili cresceu l\u00e1 com outras garotas que chegaram posteriormente: Bia, Ana, as irm\u00e3s Tati e Vivi, e Cris. Ao decorrer dos anos, elas se tornam uma fam\u00edlia. Elas s\u00e3o supervisionadas por Ernestina, zeladora do orfanato, e Chico, o cozinheiro amado pelas internas. Sofia, ex-governanta da fam\u00edlia Almeida Campos, \u00e9 a diretora do lugar, at\u00e9 que Carmem, irm\u00e3 de Jos\u00e9 Ricardo, entre em seu lugar. Chegam ainda mais \u00f3rf\u00e3os: Pata, Mosca, Binho e Rafa, que viviam nas ruas antes de entrarem na institui\u00e7\u00e3o. Pata e Mili tornam-se amigas rapidamente, enquanto Mosca, Binho e Rafa s\u00e3o os primeiros garotos a entrar no abrigo. As crian\u00e7as sem-teto foram ajudadas por uma doce e bela garota que tocam e mudam a vida delas, assim como as das garotas \u00f3rf\u00e3s.<\/p>\n","protected":false},"excerpt":{"rendered":"<p>Resumo novela \u201cChiquititas\u201d 17\/04: no cap\u00edtulo 155(*) da novela \u201cChiquititas\u201d, resumo de segunda-feira, 17 de abril, Binho, Rafa e Mosca fazem palha\u00e7adas para tentar animar Maria, mas sem sucesso. As crian\u00e7as tentam convencer Dani a emprestar a boneca para Maria. Dani insiste na birra. Todos decidem deixar ela sozinha e ir ao p\u00e1tio desenhar com [&hellip;]<\/p>\n","protected":false},"author":4,"featured_media":49690,"comment_status":"open","ping_status":"closed","sticky":false,"template":"","format":"standard","meta":{"tdm_status":"","tdm_grid_status":"","footnotes":""},"categories":[409,379,372,343],"tags":[441],"class_list":{"0":"post-111260","1":"post","2":"type-post","3":"status-publish","4":"format-standard","5":"has-post-thumbnail","7":"category-chiquititas","8":"category-novelas","9":"category-sbt","10":"category-televisao","11":"tag-resumo-do-dia"},"_links":{"self":[{"href":"https:\/\/migracao.redenoticia.com.br\/noticia\/wp-json\/wp\/v2\/posts\/111260","targetHints":{"allow":["GET"]}}],"collection":[{"href":"https:\/\/migracao.redenoticia.com.br\/noticia\/wp-json\/wp\/v2\/posts"}],"about":[{"href":"https:\/\/migracao.redenoticia.com.br\/noticia\/wp-json\/wp\/v2\/types\/post"}],"author":[{"embeddable":true,"href":"https:\/\/migracao.redenoticia.com.br\/noticia\/wp-json\/wp\/v2\/users\/4"}],"replies":[{"embeddable":true,"href":"https:\/\/migracao.redenoticia.com.br\/noticia\/wp-json\/wp\/v2\/comments?post=111260"}],"version-history":[{"count":0,"href":"https:\/\/migracao.redenoticia.com.br\/noticia\/wp-json\/wp\/v2\/posts\/111260\/revisions"}],"wp:featuredmedia":[{"embeddable":true,"href":"https:\/\/migracao.redenoticia.com.br\/noticia\/wp-json\/wp\/v2\/media\/49690"}],"wp:attachment":[{"href":"https:\/\/migracao.redenoticia.com.br\/noticia\/wp-json\/wp\/v2\/media?parent=111260"}],"wp:term":[{"taxonomy":"category","embeddable":true,"href":"https:\/\/migracao.redenoticia.com.br\/noticia\/wp-json\/wp\/v2\/categories?post=111260"},{"taxonomy":"post_tag","embeddable":true,"href":"https:\/\/migracao.redenoticia.com.br\/noticia\/wp-json\/wp\/v2\/tags?post=111260"}],"curies":[{"name":"wp","href":"https:\/\/api.w.org\/{rel}","templated":true}]}}