{"id":11130,"date":"2009-09-09T13:45:57","date_gmt":"2009-09-09T17:45:57","guid":{"rendered":"http:\/\/www.redenoticia.com.br\/noticia\/?p=11130"},"modified":"2009-09-21T17:28:22","modified_gmt":"2009-09-21T21:28:22","slug":"bambuterapia-massagem-que-relaxa-trata-embeleza-e-ate-levanta-o-bumbum","status":"publish","type":"post","link":"https:\/\/migracao.redenoticia.com.br\/noticia\/2009\/bambuterapia-massagem-que-relaxa-trata-embeleza-e-ate-levanta-o-bumbum\/11130","title":{"rendered":"Bambuterapia &#8211; massagem que relaxa, trata, embeleza e at\u00e9 levanta o bumbum"},"content":{"rendered":"<p><a href=\"https:\/\/migracao.redenoticia.com.br\/noticia\/imagens\/\/bambu.jpg\"><img loading=\"lazy\" decoding=\"async\" class=\"alignleft size-full wp-image-11131\" title=\"bambu\" src=\"https:\/\/migracao.redenoticia.com.br\/noticia\/imagens\/\/bambu.jpg\" alt=\"bambu\" width=\"150\" height=\"113\" srcset=\"https:\/\/migracao.redenoticia.com.br\/noticia\/imagens\/bambu.jpg 150w, https:\/\/migracao.redenoticia.com.br\/noticia\/imagens\/bambu-148x112.jpg 148w\" sizes=\"auto, (max-width: 150px) 100vw, 150px\" \/><\/a>Quem diria que alguns peda\u00e7os de bambu poderiam atuar na est\u00e9tica? Pois foi o que terapeutas corporais franceses imaginaram, criando a bambuterapia, indicada para pessoas al\u00e9rgicas a cremes, \u00f3leos ou fragr\u00e2ncias espec\u00edficos, bem como gestantes e lactantes. Na bambuterapia, as varas de bambu s\u00e3o os instrumentos do massoterapeuta e funcionam como se fossem o prolongamento dos dedos, j\u00e1 que possibilitam o alcance de todas as regi\u00f5es do corpo. Como se adaptam aos contornos corporais, promove uma modelagem mais eficaz, pois os movimentos s\u00e3o uniformes e proporcionam relaxamento profundo e al\u00edvio das tens\u00f5es musculares ou desperta a energia corporal e, assim, ativa a circula\u00e7\u00e3o, tonifica e modela os tecidos.\u00a0<\/p>\n<p>A t\u00e9cnica \u00e9 realizada com bambus de diferentes tamanhos e espessuras e se baseia em fundamentos do shiatsu (pontos de acupuntura), medicina ayurv\u00e9dica, isometria e drenagem linf\u00e1tica e pode ser aplicada em todo o corpo, inclusive face e cabe\u00e7a.<\/p>\n<p>Indica\u00e7\u00f5es e propriedades<\/p>\n<p>Apresenta propriedades modeladoras, drenantes, tonificantes, relaxantes e energ\u00e9ticas. E, como todo tratamento massoterap\u00eautico requer a an\u00e1lise da ficha de anamnese, uma vez que o bambu apresenta as mesmas contra indica\u00e7\u00f5es da massagem modeladora, relaxante e da drenagem linf\u00e1tica.<\/p>\n<p>A t\u00e9cnica da bambuterapia tamb\u00e9m pode ser utilizada para massagem facial, pois funciona como redutor de marcas de express\u00e3o j\u00e1 que atua na renova\u00e7\u00e3o celular e, assim, combate o envelhecimento. Indicada para eliminar toxinas de alguns \u00f3rg\u00e3os por ativar a energia dos chacras. &#8220;Quando estimulados, alguns pontos do corpo liberam energia e atuam na reconstru\u00e7\u00e3o celular, rejuvenescendo e eliminando tens\u00f5es estagnadas&#8221;, finaliza a massoterapeuta Vanessa Costa.<\/p>\n<p>Indica\u00e7\u00e3o:<\/p>\n<p>&#8211; Elimina toxinas<\/p>\n<p>&#8211; Estimula a tonifica\u00e7\u00e3o muscular<\/p>\n<p>&#8211; Melhora a oxigena\u00e7\u00e3o e nutri\u00e7\u00e3o celular<\/p>\n<p>&#8211; Promove aquecimento, limpeza cut\u00e2nea<\/p>\n<p>&#8211; Reduz celulite, flacidez e gordura localizada<\/p>\n<p>&#8211; Diminui edemas, promovendo uma melhora na circula\u00e7\u00e3o<\/p>\n<p>Servi\u00e7o<\/p>\n<p>Bambuterapia no Espa\u00e7oBe &#8211; tratamento e beleza em massagens com bambu.<\/p>\n","protected":false},"excerpt":{"rendered":"<p>Quem diria que alguns peda\u00e7os de bambu poderiam atuar na est\u00e9tica? Pois foi o que terapeutas corporais franceses imaginaram, criando a bambuterapia, indicada para pessoas al\u00e9rgicas a cremes, \u00f3leos ou fragr\u00e2ncias espec\u00edficos, bem como gestantes e lactantes. Na bambuterapia, as varas de bambu s\u00e3o os instrumentos do massoterapeuta e funcionam como se fossem o prolongamento [&hellip;]<\/p>\n","protected":false},"author":3,"featured_media":0,"comment_status":"open","ping_status":"open","sticky":false,"template":"","format":"standard","meta":{"tdm_status":"","tdm_grid_status":"","footnotes":""},"categories":[22],"tags":[],"class_list":{"0":"post-11130","1":"post","2":"type-post","3":"status-publish","4":"format-standard","6":"category-brasil"},"_links":{"self":[{"href":"https:\/\/migracao.redenoticia.com.br\/noticia\/wp-json\/wp\/v2\/posts\/11130","targetHints":{"allow":["GET"]}}],"collection":[{"href":"https:\/\/migracao.redenoticia.com.br\/noticia\/wp-json\/wp\/v2\/posts"}],"about":[{"href":"https:\/\/migracao.redenoticia.com.br\/noticia\/wp-json\/wp\/v2\/types\/post"}],"author":[{"embeddable":true,"href":"https:\/\/migracao.redenoticia.com.br\/noticia\/wp-json\/wp\/v2\/users\/3"}],"replies":[{"embeddable":true,"href":"https:\/\/migracao.redenoticia.com.br\/noticia\/wp-json\/wp\/v2\/comments?post=11130"}],"version-history":[{"count":0,"href":"https:\/\/migracao.redenoticia.com.br\/noticia\/wp-json\/wp\/v2\/posts\/11130\/revisions"}],"wp:attachment":[{"href":"https:\/\/migracao.redenoticia.com.br\/noticia\/wp-json\/wp\/v2\/media?parent=11130"}],"wp:term":[{"taxonomy":"category","embeddable":true,"href":"https:\/\/migracao.redenoticia.com.br\/noticia\/wp-json\/wp\/v2\/categories?post=11130"},{"taxonomy":"post_tag","embeddable":true,"href":"https:\/\/migracao.redenoticia.com.br\/noticia\/wp-json\/wp\/v2\/tags?post=11130"}],"curies":[{"name":"wp","href":"https:\/\/api.w.org\/{rel}","templated":true}]}}