{"id":111447,"date":"2017-04-18T00:13:02","date_gmt":"2017-04-18T03:13:02","guid":{"rendered":"https:\/\/www.redenoticia.com.br\/noticia\/?p=111447"},"modified":"2017-04-17T16:14:15","modified_gmt":"2017-04-17T19:14:15","slug":"unesp-vestibular-meio-de-ano-2017","status":"publish","type":"post","link":"https:\/\/migracao.redenoticia.com.br\/noticia\/2017\/unesp-vestibular-meio-de-ano-2017\/111447","title":{"rendered":"Unesp: Vestibular Meio de Ano 2017"},"content":{"rendered":"<p> As inscri\u00e7\u00f5es para o <strong><em>Vestibular Meio de Ano 2017 da Universidade Estadual Paulista<\/em><\/strong> (Unesp) est\u00e1 com inscri\u00e7\u00f5es abertas at\u00e9 o dia\u00a028 de abril. S\u00e3o 360 vagas dispon\u00edveis em nove cursos. A taxa de inscri\u00e7\u00e3o \u00e9 de R$ 170. .Os cursos oferecidos no exame s\u00e3o para as Engenharias Agron\u00f4mica (Ilha Solteira e Registro), Ambiental (Sorocaba), Aeron\u00e1utica (S\u00e3o Jo\u00e3o da Boa Vista), Civil (Ilha Solteira), de Controle e Automa\u00e7\u00e3o (Sorocaba), de Produ\u00e7\u00e3o (Bauru), El\u00e9trica (Ilha Solteira) e Mec\u00e2nica (Ilha Solteira).<\/p>\n<p>Sobre a Unesp<br \/>\nA Universidade Estadual Paulista\u00a0est\u00e1 entre as maiores e melhores do pa\u00eds. Est\u00e1 presente em 24 cidades do Estado de S\u00e3o Paulo com 34 faculdades e institutos, onde desenvolve atividades de ensino, pesquisa e extens\u00e3o em todas as \u00e1reas do conhecimento.<\/p>\n<p>Fundada em 1976, a institui\u00e7\u00e3o oferece 182 cursos de gradua\u00e7\u00e3o e 146 programas de p\u00f3s-gradua\u00e7\u00e3o. Tem 51.311 alunos (37.770 na gradua\u00e7\u00e3o, 13.541 na p\u00f3s stricto sensu), 3.826 professores e 6.782 servidores t\u00e9cnico-administrativos. Possui cerca de 1.900 laborat\u00f3rios.<\/p>\n<p>Oferece cursos pr\u00e9-vestibulares gratuitos em suas unidades, bem como diversos programas de extens\u00e3o de servi\u00e7os \u00e0 comunidade. Tr\u00eas escolas de ensino t\u00e9cnico s\u00e3o mantidas pela Universidade: o Col\u00e9gio T\u00e9cnico Industrial em Bauru, o Col\u00e9gio T\u00e9cnico Industrial em Guaratinguet\u00e1 e o Col\u00e9gio T\u00e9cnico Agr\u00edcola em Jaboticabal.<\/p>\n<p>Do Portal do Governo SP<\/p>\n","protected":false},"excerpt":{"rendered":"<p>As inscri\u00e7\u00f5es para o Vestibular Meio de Ano 2017 da Universidade Estadual Paulista (Unesp) est\u00e1 com inscri\u00e7\u00f5es abertas at\u00e9 o dia\u00a028 de abril. S\u00e3o 360 vagas dispon\u00edveis em nove cursos. A taxa de inscri\u00e7\u00e3o \u00e9 de R$ 170. .Os cursos oferecidos no exame s\u00e3o para as Engenharias Agron\u00f4mica (Ilha Solteira e Registro), Ambiental (Sorocaba), Aeron\u00e1utica [&hellip;]<\/p>\n","protected":false},"author":2,"featured_media":36244,"comment_status":"open","ping_status":"closed","sticky":false,"template":"","format":"standard","meta":{"tdm_status":"","tdm_grid_status":"","footnotes":""},"categories":[22,370,295],"tags":[],"class_list":{"0":"post-111447","1":"post","2":"type-post","3":"status-publish","4":"format-standard","5":"has-post-thumbnail","7":"category-brasil","8":"category-inscricao","9":"category-vestibular"},"_links":{"self":[{"href":"https:\/\/migracao.redenoticia.com.br\/noticia\/wp-json\/wp\/v2\/posts\/111447","targetHints":{"allow":["GET"]}}],"collection":[{"href":"https:\/\/migracao.redenoticia.com.br\/noticia\/wp-json\/wp\/v2\/posts"}],"about":[{"href":"https:\/\/migracao.redenoticia.com.br\/noticia\/wp-json\/wp\/v2\/types\/post"}],"author":[{"embeddable":true,"href":"https:\/\/migracao.redenoticia.com.br\/noticia\/wp-json\/wp\/v2\/users\/2"}],"replies":[{"embeddable":true,"href":"https:\/\/migracao.redenoticia.com.br\/noticia\/wp-json\/wp\/v2\/comments?post=111447"}],"version-history":[{"count":0,"href":"https:\/\/migracao.redenoticia.com.br\/noticia\/wp-json\/wp\/v2\/posts\/111447\/revisions"}],"wp:featuredmedia":[{"embeddable":true,"href":"https:\/\/migracao.redenoticia.com.br\/noticia\/wp-json\/wp\/v2\/media\/36244"}],"wp:attachment":[{"href":"https:\/\/migracao.redenoticia.com.br\/noticia\/wp-json\/wp\/v2\/media?parent=111447"}],"wp:term":[{"taxonomy":"category","embeddable":true,"href":"https:\/\/migracao.redenoticia.com.br\/noticia\/wp-json\/wp\/v2\/categories?post=111447"},{"taxonomy":"post_tag","embeddable":true,"href":"https:\/\/migracao.redenoticia.com.br\/noticia\/wp-json\/wp\/v2\/tags?post=111447"}],"curies":[{"name":"wp","href":"https:\/\/api.w.org\/{rel}","templated":true}]}}