{"id":111449,"date":"2017-04-18T00:14:23","date_gmt":"2017-04-18T03:14:23","guid":{"rendered":"https:\/\/www.redenoticia.com.br\/noticia\/?p=111449"},"modified":"2017-04-17T16:15:33","modified_gmt":"2017-04-17T19:15:33","slug":"pesquisa-revela-que-diabetes-no-brasil-cresceu-618-em-dez-anos","status":"publish","type":"post","link":"https:\/\/migracao.redenoticia.com.br\/noticia\/2017\/pesquisa-revela-que-diabetes-no-brasil-cresceu-618-em-dez-anos\/111449","title":{"rendered":"Pesquisa revela que diabetes no Brasil cresceu 61,8% em dez anos"},"content":{"rendered":"<p> O n\u00famero de brasileiros diagnosticados com <strong><em>diabetes<\/em><\/strong> cresceu 61,8% nos \u00faltimos 10 anos, passando de 5,5% da popula\u00e7\u00e3o em 2006 para 8,9% em 2016. A pesquisa Vigil\u00e2ncia de Fatores de Risco e Prote\u00e7\u00e3o para Doen\u00e7as Cr\u00f4nicas por Inqu\u00e9rito Telef\u00f4nico (Vigitel), divulgada pelo Minist\u00e9rio da Sa\u00fade, revela ainda que as mulheres registram mais diagn\u00f3sticos da doen\u00e7a \u2013 o grupo passou de 6,3% para 9,9% no per\u00edodo, contra \u00edndices de 4,6% e 7,8% registrados entre os homens.<\/p>\n<p>Segundo o estudo, o Rio de Janeiro \u00e9 a capital brasileira com a maior preval\u00eancia de diagn\u00f3stico m\u00e9dico de diabetes, com 10,4 casos para cada 100 mil habitantes. Em seguida, est\u00e3o Natal e Belo Horizonte (ambos com 10,1), S\u00e3o Paulo (10), Vit\u00f3ria (9,7), Recife e Curitiba (ambos com 9,6). J\u00e1 Boa Vista \u00e9 a capital brasileira com a menor preval\u00eancia de diagn\u00f3stico da doen\u00e7a, com 5,3 casos para cada 100 mil habitantes.<\/p>\n<p>O levantamento revela que, no Brasil, o indicador de diabetes aumenta com a idade e \u00e9 quase tr\u00eas vezes maior entre os que t\u00eam menor escolaridade. Nas pessoas com idade entre 18 e 24 anos, por exemplo, o \u00edndice \u00e9 de 0,9%. J\u00e1 entre brasileiros de 35 a 44 anos, o \u00edndice \u00e9 de 5,2% e, entre os com idade de 55 a 64 anos, o n\u00famero chega a 19,6%. O maior registro, entretanto, \u00e9 na popula\u00e7\u00e3o com 65 anos ou mais, que apresenta \u00edndice de 27,2%.<\/p>\n<p>J\u00e1 em rela\u00e7\u00e3o \u00e0 escolaridade, os que t\u00eam at\u00e9 oito anos de estudo apresentam \u00edndice de diagn\u00f3stico de diabetes de 16,5%. O percentual cai para 5,9% entre os brasileiros com nove a 11 anos de estudo e para 4,6% entre os que t\u00eam 12 ou mais anos de estudo.<\/p>\n<p>Hipertens\u00e3o arterial<\/p>\n<p>Ainda de acordo com a pesquisa, o n\u00famero de pessoas diagnosticadas com hipertens\u00e3o no pa\u00eds cresceu 14,2% na \u00faltima d\u00e9cada, passando de 22,5% em 2006 para 25,7% em 2016. As mulheres, novamente, registram mais diagn\u00f3sticos da doen\u00e7a \u2013 o grupo passou de 25,2% para 27,5% no per\u00edodo, contra \u00edndices de 19,3% e 23,6% registrados entre homens.<\/p>\n<p>O Rio de Janeiro \u00e9 a capital com a maior preval\u00eancia de diagn\u00f3stico m\u00e9dico de hipertens\u00e3o, com 31,7 casos para cada 100 mil habitantes. Em seguida est\u00e3o Recife (28,4), Porto Alegre (28,2), Belo Horizonte (27,8)Salvador (27,4) e Natal (26,9). J\u00e1 Palmas \u00e9 a capital brasileira com a menor preval\u00eancia de diagn\u00f3sticos da doen\u00e7a, com 16,9 casos para cada 100 mil habitantes.<\/p>\n<p>Tamb\u00e9m no caso da hipertens\u00e3o arterial, o indicador aumenta com a idade e \u00e9 maior entre os que apresentam menor escolaridade. Nas pessoas com idade entre 18 e 24 anos, por exemplo, o \u00edndice \u00e9 de 4%. J\u00e1 entre brasileiros de 35 a 44 anos, o \u00edndice \u00e9 de 19,1% e, entre os com idade de 55 a 64 anos, o n\u00famero chega a 49%. O maior registro, entretanto, \u00e9 na popula\u00e7\u00e3o com 65 anos ou mais, que apresenta \u00edndice de 64,2%.<\/p>\n<p>Em rela\u00e7\u00e3o \u00e0 escolaridade, os que t\u00eam at\u00e9 oito anos de estudo apresentam \u00edndice de diagn\u00f3stico de hipertens\u00e3o de 41,8%. O percentual cai para 20,6% entre os brasileiros com nove a 11 anos de estudo e para 15% entre os que t\u00eam 12 ou mais anos de estudo.<\/p>\n<p>Edi\u00e7\u00e3o: Maria Claudia<br \/>\nPaula Laboissi\u00e8re \u2013 Rep\u00f3rter da Ag\u00eancia Brasil<br \/>\n18\/04\/2017<\/p>\n","protected":false},"excerpt":{"rendered":"<p>O n\u00famero de brasileiros diagnosticados com diabetes cresceu 61,8% nos \u00faltimos 10 anos, passando de 5,5% da popula\u00e7\u00e3o em 2006 para 8,9% em 2016. A pesquisa Vigil\u00e2ncia de Fatores de Risco e Prote\u00e7\u00e3o para Doen\u00e7as Cr\u00f4nicas por Inqu\u00e9rito Telef\u00f4nico (Vigitel), divulgada pelo Minist\u00e9rio da Sa\u00fade, revela ainda que as mulheres registram mais diagn\u00f3sticos da doen\u00e7a [&hellip;]<\/p>\n","protected":false},"author":2,"featured_media":57582,"comment_status":"open","ping_status":"closed","sticky":false,"template":"","format":"standard","meta":{"tdm_status":"","tdm_grid_status":"","footnotes":""},"categories":[22,5],"tags":[],"class_list":{"0":"post-111449","1":"post","2":"type-post","3":"status-publish","4":"format-standard","5":"has-post-thumbnail","7":"category-brasil","8":"category-saude-e-vida"},"_links":{"self":[{"href":"https:\/\/migracao.redenoticia.com.br\/noticia\/wp-json\/wp\/v2\/posts\/111449","targetHints":{"allow":["GET"]}}],"collection":[{"href":"https:\/\/migracao.redenoticia.com.br\/noticia\/wp-json\/wp\/v2\/posts"}],"about":[{"href":"https:\/\/migracao.redenoticia.com.br\/noticia\/wp-json\/wp\/v2\/types\/post"}],"author":[{"embeddable":true,"href":"https:\/\/migracao.redenoticia.com.br\/noticia\/wp-json\/wp\/v2\/users\/2"}],"replies":[{"embeddable":true,"href":"https:\/\/migracao.redenoticia.com.br\/noticia\/wp-json\/wp\/v2\/comments?post=111449"}],"version-history":[{"count":0,"href":"https:\/\/migracao.redenoticia.com.br\/noticia\/wp-json\/wp\/v2\/posts\/111449\/revisions"}],"wp:featuredmedia":[{"embeddable":true,"href":"https:\/\/migracao.redenoticia.com.br\/noticia\/wp-json\/wp\/v2\/media\/57582"}],"wp:attachment":[{"href":"https:\/\/migracao.redenoticia.com.br\/noticia\/wp-json\/wp\/v2\/media?parent=111449"}],"wp:term":[{"taxonomy":"category","embeddable":true,"href":"https:\/\/migracao.redenoticia.com.br\/noticia\/wp-json\/wp\/v2\/categories?post=111449"},{"taxonomy":"post_tag","embeddable":true,"href":"https:\/\/migracao.redenoticia.com.br\/noticia\/wp-json\/wp\/v2\/tags?post=111449"}],"curies":[{"name":"wp","href":"https:\/\/api.w.org\/{rel}","templated":true}]}}