{"id":11145,"date":"2009-09-09T14:34:52","date_gmt":"2009-09-09T18:34:52","guid":{"rendered":"http:\/\/www.redenoticia.com.br\/noticia\/?p=11145"},"modified":"2009-09-09T14:35:29","modified_gmt":"2009-09-09T18:35:29","slug":"mae-criancas-em-idade-pre-escolar-sao-mais-atingidas-pela-cegueira-noturna","status":"publish","type":"post","link":"https:\/\/migracao.redenoticia.com.br\/noticia\/2009\/mae-criancas-em-idade-pre-escolar-sao-mais-atingidas-pela-cegueira-noturna\/11145","title":{"rendered":"M\u00e3e &#8211; crian\u00e7as em idade pr\u00e9-escolar s\u00e3o mais atingidas pela cegueira noturna"},"content":{"rendered":"<p>As crian\u00e7as em idade pr\u00e9-escolar est\u00e3o mais sujeitas a desenvolver Nictalopatia, popularmente conhecida como cegueira noturna. A doen\u00e7a caracterizada pela dificuldade de enxergar em ambientes com pouca luminosidade est\u00e1 relacionada, na maioria dos casos, a car\u00eancia de vitamina A. A doen\u00e7a ocorre quando h\u00e1 uma falha na retina causada pela defici\u00eancia do retineno, um subproduto do retinol. O retinol \u00e9 fundamental na regenera\u00e7\u00e3o de uma subst\u00e2ncia chamada rodopsina localizada nos bastonetes, c\u00e9lulas nervosas respons\u00e1veis pela vis\u00e3o noturna.\u00a0<\/p>\n<p>A cegueira noturna pode levar a perda definitiva de vis\u00e3o se n\u00e3o for tratada. O tratamento prev\u00ea a suplementa\u00e7\u00e3o com vitamina A aliada a uma dieta adequada. O m\u00e9dico oftalmologista do Complexo Hospitalar Edmundo Vasconcelos Gustavo Seibin Takahashi destaca que todo o tratamento ao portador de cegueira noturna deve ter a supervis\u00e3o de um especialista. &#8220;Vale lembrar que a ingest\u00e3o em excesso de vitamina A pode provocar altera\u00e7\u00f5es oculares e sist\u00eamicas&#8221;, alerta.<\/p>\n<p>A preven\u00e7\u00e3o ocorre por meio de uma alimenta\u00e7\u00e3o saud\u00e1vel que inclui o consumo regular de alimentos ricos em vitamina A como: frutas e verduras (mam\u00e3o, laranja, cenoura, ab\u00f3bora, verduras com folhas verde-escuras como br\u00f3colis, couve e agri\u00e3o), ovos, leite integral e seus derivados, e carnes como f\u00edgado.<\/p>\n<p>Al\u00e9m de ser causada por defici\u00eancia de vitamina A, a doen\u00e7a ainda pode ter caracter\u00edstica heredit\u00e1ria, chamada de cegueira noturna estacion\u00e1ria cong\u00eanita (fundus albipunctatus). Em ambas as causas, ao deixar um ambiente claro e entrar num ambiente escuro, o indiv\u00edduo tem dificuldade de adaptar a vis\u00e3o.<\/p>\n<p>Entre os adultos, os alco\u00f3latras t\u00eam mais chance de desenvolver cegueira noturna pelo fato de apresentarem defici\u00eancia de vitaminas em geral, seja em fun\u00e7\u00e3o de uma alimenta\u00e7\u00e3o inadequada ou de altera\u00e7\u00f5es na absor\u00e7\u00e3o, transporte e armazenamento dos nutrientes pelo organismo.<\/p>\n<p>Vitamina A<\/p>\n<p>A vitamina A \u00e9 essencial para a manuten\u00e7\u00e3o da vis\u00e3o, para o crescimento de ossos e dentes, no processo imunol\u00f3gico e de reprodu\u00e7\u00e3o. Al\u00e9m de cegueira noturna, sua defici\u00eancia produz altera\u00e7\u00f5es cut\u00e2neas e torna a pele ressecada, escamosa e \u00e1spera.<\/p>\n<p>A car\u00eancia dessa vitamina tamb\u00e9m predisp\u00f5e o organismo a infec\u00e7\u00f5es bacterianas, virais ou parasit\u00e1rias, devido ao seu importante papel na manuten\u00e7\u00e3o da integridade das mucosas. Por outro lado, seu excesso \u00e9 causa de doen\u00e7a, sendo respons\u00e1vel por alguns sinais e sintomas tais como: irritabilidade, dor e fragilidade \u00f3ssea, n\u00e1usea, v\u00f4mitos, fraqueza, anorexia, cefal\u00e9ia, erup\u00e7\u00e3o cut\u00e2nea, unhas quebradi\u00e7as e alopecia.<\/p>\n<p>O Complexo Hospitalar Edmundo Vasconcelos, localizado em S\u00e3o Paulo, \u00e9 um dos maiores complexos hospitalares do Pa\u00eds, conta com cerca de 780 m\u00e9dicos e atua em 44 especialidades. Realiza anualmente cerca de 10 mil cirurgias, 12 mil interna\u00e7\u00f5es, 200 mil consultas ambulatoriais e 110 mil atendimentos de pronto-socorro.<\/p>\n<p>Complexo Hospitalar Edmundo Vasconcelos<\/p>\n<p>Rua Borges Lagoa, 1.450 &#8211; Vila Clementino, zona sul de S\u00e3o Paulo<br \/>\nwww.hpev.com.br<\/p>\n","protected":false},"excerpt":{"rendered":"<p>As crian\u00e7as em idade pr\u00e9-escolar est\u00e3o mais sujeitas a desenvolver Nictalopatia, popularmente conhecida como cegueira noturna. A doen\u00e7a caracterizada pela dificuldade de enxergar em ambientes com pouca luminosidade est\u00e1 relacionada, na maioria dos casos, a car\u00eancia de vitamina A. A doen\u00e7a ocorre quando h\u00e1 uma falha na retina causada pela defici\u00eancia do retineno, um subproduto [&hellip;]<\/p>\n","protected":false},"author":3,"featured_media":0,"comment_status":"open","ping_status":"open","sticky":false,"template":"","format":"standard","meta":{"tdm_status":"","tdm_grid_status":"","footnotes":""},"categories":[22,5],"tags":[],"class_list":{"0":"post-11145","1":"post","2":"type-post","3":"status-publish","4":"format-standard","6":"category-brasil","7":"category-saude-e-vida"},"_links":{"self":[{"href":"https:\/\/migracao.redenoticia.com.br\/noticia\/wp-json\/wp\/v2\/posts\/11145","targetHints":{"allow":["GET"]}}],"collection":[{"href":"https:\/\/migracao.redenoticia.com.br\/noticia\/wp-json\/wp\/v2\/posts"}],"about":[{"href":"https:\/\/migracao.redenoticia.com.br\/noticia\/wp-json\/wp\/v2\/types\/post"}],"author":[{"embeddable":true,"href":"https:\/\/migracao.redenoticia.com.br\/noticia\/wp-json\/wp\/v2\/users\/3"}],"replies":[{"embeddable":true,"href":"https:\/\/migracao.redenoticia.com.br\/noticia\/wp-json\/wp\/v2\/comments?post=11145"}],"version-history":[{"count":0,"href":"https:\/\/migracao.redenoticia.com.br\/noticia\/wp-json\/wp\/v2\/posts\/11145\/revisions"}],"wp:attachment":[{"href":"https:\/\/migracao.redenoticia.com.br\/noticia\/wp-json\/wp\/v2\/media?parent=11145"}],"wp:term":[{"taxonomy":"category","embeddable":true,"href":"https:\/\/migracao.redenoticia.com.br\/noticia\/wp-json\/wp\/v2\/categories?post=11145"},{"taxonomy":"post_tag","embeddable":true,"href":"https:\/\/migracao.redenoticia.com.br\/noticia\/wp-json\/wp\/v2\/tags?post=11145"}],"curies":[{"name":"wp","href":"https:\/\/api.w.org\/{rel}","templated":true}]}}