{"id":11152,"date":"2009-09-09T14:49:42","date_gmt":"2009-09-09T18:49:42","guid":{"rendered":"http:\/\/www.redenoticia.com.br\/noticia\/?p=11152"},"modified":"2009-09-09T14:49:42","modified_gmt":"2009-09-09T18:49:42","slug":"gripe-influenza-a-h1n1-israel-testa-vacina-contra-gripe-suina","status":"publish","type":"post","link":"https:\/\/migracao.redenoticia.com.br\/noticia\/2009\/gripe-influenza-a-h1n1-israel-testa-vacina-contra-gripe-suina\/11152","title":{"rendered":"Gripe Influenza A H1N1 &#8211; Israel testa vacina contra gripe su\u00edna"},"content":{"rendered":"<p>O Minist\u00e9rio da Sa\u00fade de Israel autorizou o laborat\u00f3rio BiondVax a iniciar a segunda fase de testes com seres humanos de uma vacina contra a <strong>gripe Influenza A H1N1<\/strong> (tamb\u00e9m conhecida como Influenza A ou <strong>gripe su\u00edna<\/strong>). A<strong> vacina<\/strong> tamb\u00e9m trar\u00e1 prote\u00e7\u00e3o contra outros tipos de gripe. A primeira fase dos testes envolveu 24 pessoas, com sucesso. Na fase atual, 60 volunt\u00e1rios estar\u00e3o participando. Os testes devem ser conclu\u00eddos at\u00e9 o in\u00edcio de 2010.\u00a0<\/p>\n<p>INBRAVISA \u2013 A Gripe Influenza A H1N1, no Brasil, deve apresentar uma redu\u00e7\u00e3o gradativa de novos casos com o aumento de temperatura devido ao final do inverno , mas deve voltar a circular de forma mais intensa em meados de abril ou maio de 2010.<\/p>\n<p>\u201cPoderemos ter ainda mais casos de \u00f3bitos, em virtude da exposi\u00e7\u00e3o das crian\u00e7as e adolescentes ao v\u00edrus, em decorr\u00eancia da volta as aulas , mas a tend\u00eancia da pandemia dimimuir com o fim do inverno, d\u00e1 tempo para que as autoridades de saude do Brasil se prepararem para ado\u00e7\u00e3o de novas estrat\u00e9gias de combate a doen\u00e7a , e para enfrentar melhor a segunda onda da Gripe Influenza A H1N1, no pr\u00f3ximo ano, explica Rui Dammenhain , diretor presidente do INBRAVISA \u2013 especialista em saude p\u00fablica e vigil\u00e2ncia sanit\u00e1ria.<\/p>\n<p>A principal arma dever\u00e1 ser a vacina\u00e7\u00e3o que j\u00e1 dever\u00e1 estar dispon\u00edvel no in\u00edcio do pr\u00f3xmo ano, mas campanhas de preven\u00e7\u00e3o, que incluem lavagem das m\u00e3os , aplica\u00e7\u00e3o de \u00e1lcool em gel \u00a0e uso de m\u00e1scaras para pessoas com sintomas de Gripe Influenza A H1N1, n\u00e3o s\u00f3 devem continuar como serem incrementadas , conclui Dammenhain.<\/p>\n<p>Gripe Influenza A H1N1<\/p>\n","protected":false},"excerpt":{"rendered":"<p>O Minist\u00e9rio da Sa\u00fade de Israel autorizou o laborat\u00f3rio BiondVax a iniciar a segunda fase de testes com seres humanos de uma vacina contra a gripe Influenza A H1N1 (tamb\u00e9m conhecida como Influenza A ou gripe su\u00edna). A vacina tamb\u00e9m trar\u00e1 prote\u00e7\u00e3o contra outros tipos de gripe. A primeira fase dos testes envolveu 24 pessoas, [&hellip;]<\/p>\n","protected":false},"author":3,"featured_media":0,"comment_status":"open","ping_status":"open","sticky":false,"template":"","format":"standard","meta":{"tdm_status":"","tdm_grid_status":"","footnotes":""},"categories":[22,5],"tags":[],"class_list":{"0":"post-11152","1":"post","2":"type-post","3":"status-publish","4":"format-standard","6":"category-brasil","7":"category-saude-e-vida"},"_links":{"self":[{"href":"https:\/\/migracao.redenoticia.com.br\/noticia\/wp-json\/wp\/v2\/posts\/11152","targetHints":{"allow":["GET"]}}],"collection":[{"href":"https:\/\/migracao.redenoticia.com.br\/noticia\/wp-json\/wp\/v2\/posts"}],"about":[{"href":"https:\/\/migracao.redenoticia.com.br\/noticia\/wp-json\/wp\/v2\/types\/post"}],"author":[{"embeddable":true,"href":"https:\/\/migracao.redenoticia.com.br\/noticia\/wp-json\/wp\/v2\/users\/3"}],"replies":[{"embeddable":true,"href":"https:\/\/migracao.redenoticia.com.br\/noticia\/wp-json\/wp\/v2\/comments?post=11152"}],"version-history":[{"count":0,"href":"https:\/\/migracao.redenoticia.com.br\/noticia\/wp-json\/wp\/v2\/posts\/11152\/revisions"}],"wp:attachment":[{"href":"https:\/\/migracao.redenoticia.com.br\/noticia\/wp-json\/wp\/v2\/media?parent=11152"}],"wp:term":[{"taxonomy":"category","embeddable":true,"href":"https:\/\/migracao.redenoticia.com.br\/noticia\/wp-json\/wp\/v2\/categories?post=11152"},{"taxonomy":"post_tag","embeddable":true,"href":"https:\/\/migracao.redenoticia.com.br\/noticia\/wp-json\/wp\/v2\/tags?post=11152"}],"curies":[{"name":"wp","href":"https:\/\/api.w.org\/{rel}","templated":true}]}}