{"id":11154,"date":"2009-09-09T15:55:05","date_gmt":"2009-09-09T19:55:05","guid":{"rendered":"http:\/\/www.redenoticia.com.br\/noticia\/?p=11154"},"modified":"2009-09-09T15:55:05","modified_gmt":"2009-09-09T19:55:05","slug":"nota-de-2-reais-do-gugu-da-rede-record-pode-ter-sido-achada-no-rio-de-janeiro","status":"publish","type":"post","link":"https:\/\/migracao.redenoticia.com.br\/noticia\/2009\/nota-de-2-reais-do-gugu-da-rede-record-pode-ter-sido-achada-no-rio-de-janeiro\/11154","title":{"rendered":"Nota de 2 reais do Gugu da Rede Record pode ter sido achada no Rio de Janeiro"},"content":{"rendered":"<p><a href=\"https:\/\/migracao.redenoticia.com.br\/noticia\/imagens\/\/gugusimples.jpg\"><img loading=\"lazy\" decoding=\"async\" class=\"alignleft size-full wp-image-11155\" title=\"gugusimples\" src=\"https:\/\/migracao.redenoticia.com.br\/noticia\/imagens\/\/gugusimples.jpg\" alt=\"gugusimples\" width=\"150\" height=\"113\" srcset=\"https:\/\/migracao.redenoticia.com.br\/noticia\/imagens\/gugusimples.jpg 150w, https:\/\/migracao.redenoticia.com.br\/noticia\/imagens\/gugusimples-148x112.jpg 148w\" sizes=\"auto, (max-width: 150px) 100vw, 150px\" \/><\/a>Uma das quatro <strong>notas de 2 reais<\/strong> premiadas do Programa do <strong>Gugu<\/strong> na <strong>Rede Record<\/strong>, que ainda est\u00e3o circulando pelo Brasil, pode ter sido achada no Rio de Janeiro. O nome do sortudo seria Evandro, que publicou ter achado a nota mas a Rede Record mant\u00e9m sigilo, at\u00e9 porque \u00e9 necess\u00e1rio a comprova\u00e7\u00e3o t\u00e9cnica da veracidade da nota. Quem encontrar uma nota premiada deve leva-la at\u00e9 a sede da Rede Record mais pr\u00f3xima, para esta an\u00e1lise ser agilizada.<\/p>\n<p>\u00a0Ap\u00f3s a comprova\u00e7\u00e3o da veracidade da <strong>nota de 2 reais<\/strong>, o <strong>Programa do Gugu<\/strong> da Rede Record providenciar\u00e1 o pagamento durante o programa do domingo, ao vivo, como foi o caso do ganhador de Bel\u00e9m. Ele foi levado do Par\u00e1 para S\u00e3o Paulo, junto com um apresentador do programa local da Rede Record. \u00a0<\/p>\n<p>No \u00faltimo domingo Gugu mostrou a festa de lan\u00e7amento produzida pela Rede Record para lan\u00e7ar a nota de 2 reais nas cidades do Brasil. Porto Alegre teve a presen\u00e7a de Theo Becker e Tche Garotos. Em Bras\u00edlia a festa reuniu mais de 30 mil pessoas em Ceil\u00e2ndia. No Rio de Janeiro teve show de Dudu Nobre e Dado Dolabella, ganhador da Fazenda, na praia do Leme. Em Salvador a festa foi no Pelourinho, mesmo local aonde Gugu soltou a nota de 2 reais disfar\u00e7ado de turista.<\/p>\n<p>Segundo a Rede Record, os n\u00fameros de s\u00e9rie das notas de 2 reais s\u00e3o:\u00a0<\/p>\n<p>&#8211; Rio de Janeiro: B 6170096997 A;<\/p>\n<p>&#8211; Porto Alegre: B 6578057029 A;\u00a0<\/p>\n<p>&#8211; Salvador: B 3307050642 A;\u00a0<\/p>\n<p>&#8211; Bras\u00edlia: 4371015692 A e<\/p>\n<p>&#8211;\u00a0Bel\u00e9m, que j\u00e1 foi encontrada, B 1207074051 A.<\/p>\n<p>Rede Record &#8211; Programa do Gugu &#8211; Note de 2 reais<\/p>\n","protected":false},"excerpt":{"rendered":"<p>Uma das quatro notas de 2 reais premiadas do Programa do Gugu na Rede Record, que ainda est\u00e3o circulando pelo Brasil, pode ter sido achada no Rio de Janeiro. O nome do sortudo seria Evandro, que publicou ter achado a nota mas a Rede Record mant\u00e9m sigilo, at\u00e9 porque \u00e9 necess\u00e1rio a comprova\u00e7\u00e3o t\u00e9cnica da [&hellip;]<\/p>\n","protected":false},"author":3,"featured_media":0,"comment_status":"open","ping_status":"open","sticky":false,"template":"","format":"standard","meta":{"tdm_status":"","tdm_grid_status":"","footnotes":""},"categories":[22,343],"tags":[],"class_list":{"0":"post-11154","1":"post","2":"type-post","3":"status-publish","4":"format-standard","6":"category-brasil","7":"category-televisao"},"_links":{"self":[{"href":"https:\/\/migracao.redenoticia.com.br\/noticia\/wp-json\/wp\/v2\/posts\/11154","targetHints":{"allow":["GET"]}}],"collection":[{"href":"https:\/\/migracao.redenoticia.com.br\/noticia\/wp-json\/wp\/v2\/posts"}],"about":[{"href":"https:\/\/migracao.redenoticia.com.br\/noticia\/wp-json\/wp\/v2\/types\/post"}],"author":[{"embeddable":true,"href":"https:\/\/migracao.redenoticia.com.br\/noticia\/wp-json\/wp\/v2\/users\/3"}],"replies":[{"embeddable":true,"href":"https:\/\/migracao.redenoticia.com.br\/noticia\/wp-json\/wp\/v2\/comments?post=11154"}],"version-history":[{"count":0,"href":"https:\/\/migracao.redenoticia.com.br\/noticia\/wp-json\/wp\/v2\/posts\/11154\/revisions"}],"wp:attachment":[{"href":"https:\/\/migracao.redenoticia.com.br\/noticia\/wp-json\/wp\/v2\/media?parent=11154"}],"wp:term":[{"taxonomy":"category","embeddable":true,"href":"https:\/\/migracao.redenoticia.com.br\/noticia\/wp-json\/wp\/v2\/categories?post=11154"},{"taxonomy":"post_tag","embeddable":true,"href":"https:\/\/migracao.redenoticia.com.br\/noticia\/wp-json\/wp\/v2\/tags?post=11154"}],"curies":[{"name":"wp","href":"https:\/\/api.w.org\/{rel}","templated":true}]}}