{"id":111572,"date":"2017-04-19T16:35:38","date_gmt":"2017-04-19T19:35:38","guid":{"rendered":"https:\/\/www.redenoticia.com.br\/noticia\/?p=111572"},"modified":"2017-04-19T15:36:58","modified_gmt":"2017-04-19T18:36:58","slug":"resumo-novela-chiquititas-2004-erica-descobre-a-verdade-sobre-tomas-ferraz","status":"publish","type":"post","link":"https:\/\/migracao.redenoticia.com.br\/noticia\/2017\/resumo-novela-chiquititas-2004-erica-descobre-a-verdade-sobre-tomas-ferraz\/111572","title":{"rendered":"Resumo novela \u201cChiquititas\u201d 20\/04: \u00c9rica descobre a verdade sobre Tom\u00e1s Ferraz"},"content":{"rendered":"<p> <img loading=\"lazy\" decoding=\"async\" class=\"alignleft size-thumbnail wp-image-49690\" src=\"https:\/\/migracao.redenoticia.com.br\/noticia\/imagens\/chiquititas1-150x112.jpg\" alt=\"chiquititas\" width=\"150\" height=\"112\" \/><strong><em>Resumo novela \u201cChiquititas\u201d 20\/04<\/em><\/strong>: no cap\u00edtulo 158(*) da novela \u201cChiquititas\u201d, resumo de quinta-feira, 20 de abril, Mili e Duda conseguem conversar com Matias. Mili explica que Vivi est\u00e1 arrependida e sofrendo muito com tudo o que aconteceu. Matias revela que n\u00e3o conseguiu responder as mensagens de Vivi, pois seu pai tirou seu celular e passou a monitorar suas entradas na internet. Mais tarde, Mili conversa com Vivi e conta que Matias est\u00e1 magoado e que disse n\u00e3o saber se ainda gosta de Vivi. Mili aconselha a amiga dar um tempo para o menino pensar. Vivi diz que dar\u00e1 esse tempo e que estudar\u00e1 bastante para mostrar pra ele que ela \u00e9 inteligente. Anoitece. Fernando insiste e consegue convencer Carol a aceitar sua carona at\u00e9 a casa dela. <\/p>\n<p>No Caf\u00e9 Boutique, Francis e Clarita conseguem flagrar o menino que anda comendo os doces escondidos, mas o garoto corre para todos os lados e consegue fugir da loja levando um doce. Trata-se da cena de estreia do personagem Thiago (Pedro Henrique), que \u00e9 o garoto que est\u00e1 pegando os doces no Caf\u00e9. Eduarda e Maria Cec\u00edlia v\u00e3o jantar na casa de Junior. Beto fica irritado ao saber que \u00c9rica invadiu seu FriendBook e mudou seu status de relacionamento. O rapaz discute com \u00c9rica. Acidentalmente, \u00c9rica descobre que Tobias e Tom\u00e1s Ferraz s\u00e3o a mesma pessoa. <\/p>\n<p>Tobias fica em choque ao ser flagrado se caracterizando. Na mans\u00e3o dos Almeida Campos, Valentina avisa que Gabi sumiu e que ela saiu da mans\u00e3o. Na casa de Carol, \u00c9rica diz que s\u00f3 manter\u00e1 segredo se eles inventarem que ela \u00e9 o grande amor de Tom\u00e1s Ferraz, assim sair\u00e1 em todos os jornais. Fernando, que est\u00e1 dando carona para Carol, quase atropela Gabi, que entrou na frente do carro. Carol leva Gabi at\u00e9 a Mans\u00e3o dos Almeida Campos. Junior agradece Carol e Eduarda alerta Maria Cec\u00edlia a tomar cuidado. No orfanato, Vivi sonha que \u00e9 miss.<\/p>\n<p>(*) edi\u00e7\u00e3o do SBT, Novela \u201cChiquititas\u201d, sujeito a altera\u00e7\u00e3o de data e conte\u00fado.<\/p>\n<p>Chiquititas gira em torno do orfanato Raio de Luz, que carrega em sua hist\u00f3ria um grande segredo envolvendo a fam\u00edlia e o dono do orfanato, Dr. Jos\u00e9 Ricardo Almeida Campos. Em um per\u00edodo anterior \u00e0 novela, exatos treze anos, sua filha Gabriela se apaixonou e ficou gr\u00e1vida de Miguel, filho de Valentina, empregada da casa dos Almeida Campos. Pouco depois, Jos\u00e9 Ricardo sequestrou sua neta, pois, como um homem conservador, ele n\u00e3o aceitava a ideia de que sua filha se envolvesse com um empregado. Como sua neta, Milena, apelidada como Mili, precisava de um lugar para morar, ele comprou um casar\u00e3o e fundou um orfanato, o Raio de Luz. Mili cresceu l\u00e1 com outras garotas que chegaram posteriormente: Bia, Ana, as irm\u00e3s Tati e Vivi, e Cris. Ao decorrer dos anos, elas se tornam uma fam\u00edlia. Elas s\u00e3o supervisionadas por Ernestina, zeladora do orfanato, e Chico, o cozinheiro amado pelas internas. Sofia, ex-governanta da fam\u00edlia Almeida Campos, \u00e9 a diretora do lugar, at\u00e9 que Carmem, irm\u00e3 de Jos\u00e9 Ricardo, entre em seu lugar. Chegam ainda mais \u00f3rf\u00e3os: Pata, Mosca, Binho e Rafa, que viviam nas ruas antes de entrarem na institui\u00e7\u00e3o. Pata e Mili tornam-se amigas rapidamente, enquanto Mosca, Binho e Rafa s\u00e3o os primeiros garotos a entrar no abrigo. As crian\u00e7as sem-teto foram ajudadas por uma doce e bela garota que tocam e mudam a vida delas, assim como as das garotas \u00f3rf\u00e3s.<\/p>\n","protected":false},"excerpt":{"rendered":"<p>Resumo novela \u201cChiquititas\u201d 20\/04: no cap\u00edtulo 158(*) da novela \u201cChiquititas\u201d, resumo de quinta-feira, 20 de abril, Mili e Duda conseguem conversar com Matias. Mili explica que Vivi est\u00e1 arrependida e sofrendo muito com tudo o que aconteceu. Matias revela que n\u00e3o conseguiu responder as mensagens de Vivi, pois seu pai tirou seu celular e passou [&hellip;]<\/p>\n","protected":false},"author":2,"featured_media":49690,"comment_status":"open","ping_status":"closed","sticky":false,"template":"","format":"standard","meta":{"tdm_status":"","tdm_grid_status":"","footnotes":""},"categories":[409,379,372,343],"tags":[441],"class_list":{"0":"post-111572","1":"post","2":"type-post","3":"status-publish","4":"format-standard","5":"has-post-thumbnail","7":"category-chiquititas","8":"category-novelas","9":"category-sbt","10":"category-televisao","11":"tag-resumo-do-dia"},"_links":{"self":[{"href":"https:\/\/migracao.redenoticia.com.br\/noticia\/wp-json\/wp\/v2\/posts\/111572","targetHints":{"allow":["GET"]}}],"collection":[{"href":"https:\/\/migracao.redenoticia.com.br\/noticia\/wp-json\/wp\/v2\/posts"}],"about":[{"href":"https:\/\/migracao.redenoticia.com.br\/noticia\/wp-json\/wp\/v2\/types\/post"}],"author":[{"embeddable":true,"href":"https:\/\/migracao.redenoticia.com.br\/noticia\/wp-json\/wp\/v2\/users\/2"}],"replies":[{"embeddable":true,"href":"https:\/\/migracao.redenoticia.com.br\/noticia\/wp-json\/wp\/v2\/comments?post=111572"}],"version-history":[{"count":0,"href":"https:\/\/migracao.redenoticia.com.br\/noticia\/wp-json\/wp\/v2\/posts\/111572\/revisions"}],"wp:featuredmedia":[{"embeddable":true,"href":"https:\/\/migracao.redenoticia.com.br\/noticia\/wp-json\/wp\/v2\/media\/49690"}],"wp:attachment":[{"href":"https:\/\/migracao.redenoticia.com.br\/noticia\/wp-json\/wp\/v2\/media?parent=111572"}],"wp:term":[{"taxonomy":"category","embeddable":true,"href":"https:\/\/migracao.redenoticia.com.br\/noticia\/wp-json\/wp\/v2\/categories?post=111572"},{"taxonomy":"post_tag","embeddable":true,"href":"https:\/\/migracao.redenoticia.com.br\/noticia\/wp-json\/wp\/v2\/tags?post=111572"}],"curies":[{"name":"wp","href":"https:\/\/api.w.org\/{rel}","templated":true}]}}