{"id":111593,"date":"2017-04-20T00:25:46","date_gmt":"2017-04-20T03:25:46","guid":{"rendered":"https:\/\/www.redenoticia.com.br\/noticia\/?p=111593"},"modified":"2017-04-19T16:27:09","modified_gmt":"2017-04-19T19:27:09","slug":"pos-doutorado-em-saude-coletiva-e-nutricao-com-bolsa-da-fapesp","status":"publish","type":"post","link":"https:\/\/migracao.redenoticia.com.br\/noticia\/2017\/pos-doutorado-em-saude-coletiva-e-nutricao-com-bolsa-da-fapesp\/111593","title":{"rendered":"P\u00f3s-Doutorado em Sa\u00fade Coletiva e Nutri\u00e7\u00e3o com Bolsa da FAPESP"},"content":{"rendered":"<p> Ag\u00eancia FAPESP \u2013 A Faculdade de Sa\u00fade P\u00fablica da Universidade de S\u00e3o Paulo (USP) oferece uma oportunidade de <strong><em>P\u00f3s-Doutorado em Sa\u00fade Coletiva e Nutri\u00e7\u00e3o<\/em><\/strong> com Bolsa da FAPESP. O prazo de inscri\u00e7\u00e3o encerra em 20 de abril. A bolsa est\u00e1 vinculada ao Projeto Tem\u00e1tico \u201c\u201d, que tem Marly Augusto Cardoso como pesquisadora respons\u00e1vel.<\/p>\n<p>Os candidatos devem ser rec\u00e9m-doutores com excelente desempenho acad\u00eamico e experi\u00eancia na coordena\u00e7\u00e3o de campo, coleta e processamento de dados qualitativos e quantitativos em estudo epidemiol\u00f3gico para avalia\u00e7\u00e3o de consumo alimentar e indicadores do estado nutricional em sa\u00fade da mulher e da crian\u00e7a, durante seu programa de doutoramento.<\/p>\n<p>Os interessados devem ter disponibilidade para realizar trabalho de campo em estudo de coorte de nascimentos em Cruzeiro do Sul, Estado do Acre, Amaz\u00f4nia Ocidental Brasileira.<\/p>\n<p>Os interessados devem enviar e-mail para Marly Augusto Cardoso no endere\u00e7o marlyac@usp.br.<\/p>\n<p>A oportunidade est\u00e1 publicada em .<\/p>\n<p>O selecionado receber\u00e1 bolsa de P\u00f3s-Doutorado da FAPESP no valor de R$ 6.819,30 mensais e Reserva T\u00e9cnica. A Reserva T\u00e9cnica da bolsa de PD equivale a 15% do valor anual da bolsa e tem o objetivo de atender a despesas imprevistas e diretamente relacionadas \u00e0 atividade de pesquisa.<\/p>\n<p>Caso o bolsista resida em domic\u00edlio diferente e precise se mudar para a cidade onde se localiza a institui\u00e7\u00e3o-sede da pesquisa, poder\u00e1 ter direito a um Aux\u00edlio-Instala\u00e7\u00e3o.<\/p>\n<p>Mais informa\u00e7\u00f5es sobre a bolsa de P\u00f3s-Doutorado da FAPESP est\u00e3o dispon\u00edveis em .<\/p>\n<p>Outras vagas de bolsas de P\u00f3s-Doutorado, em diversas \u00e1reas do conhecimento, est\u00e3o no site .<\/p>\n","protected":false},"excerpt":{"rendered":"<p>Ag\u00eancia FAPESP \u2013 A Faculdade de Sa\u00fade P\u00fablica da Universidade de S\u00e3o Paulo (USP) oferece uma oportunidade de P\u00f3s-Doutorado em Sa\u00fade Coletiva e Nutri\u00e7\u00e3o com Bolsa da FAPESP. O prazo de inscri\u00e7\u00e3o encerra em 20 de abril. A bolsa est\u00e1 vinculada ao Projeto Tem\u00e1tico \u201c\u201d, que tem Marly Augusto Cardoso como pesquisadora respons\u00e1vel. Os candidatos [&hellip;]<\/p>\n","protected":false},"author":2,"featured_media":21255,"comment_status":"open","ping_status":"closed","sticky":false,"template":"","format":"standard","meta":{"tdm_status":"","tdm_grid_status":"","footnotes":""},"categories":[22,351,370],"tags":[],"class_list":{"0":"post-111593","1":"post","2":"type-post","3":"status-publish","4":"format-standard","5":"has-post-thumbnail","7":"category-brasil","8":"category-cursos","9":"category-inscricao"},"_links":{"self":[{"href":"https:\/\/migracao.redenoticia.com.br\/noticia\/wp-json\/wp\/v2\/posts\/111593","targetHints":{"allow":["GET"]}}],"collection":[{"href":"https:\/\/migracao.redenoticia.com.br\/noticia\/wp-json\/wp\/v2\/posts"}],"about":[{"href":"https:\/\/migracao.redenoticia.com.br\/noticia\/wp-json\/wp\/v2\/types\/post"}],"author":[{"embeddable":true,"href":"https:\/\/migracao.redenoticia.com.br\/noticia\/wp-json\/wp\/v2\/users\/2"}],"replies":[{"embeddable":true,"href":"https:\/\/migracao.redenoticia.com.br\/noticia\/wp-json\/wp\/v2\/comments?post=111593"}],"version-history":[{"count":0,"href":"https:\/\/migracao.redenoticia.com.br\/noticia\/wp-json\/wp\/v2\/posts\/111593\/revisions"}],"wp:featuredmedia":[{"embeddable":true,"href":"https:\/\/migracao.redenoticia.com.br\/noticia\/wp-json\/wp\/v2\/media\/21255"}],"wp:attachment":[{"href":"https:\/\/migracao.redenoticia.com.br\/noticia\/wp-json\/wp\/v2\/media?parent=111593"}],"wp:term":[{"taxonomy":"category","embeddable":true,"href":"https:\/\/migracao.redenoticia.com.br\/noticia\/wp-json\/wp\/v2\/categories?post=111593"},{"taxonomy":"post_tag","embeddable":true,"href":"https:\/\/migracao.redenoticia.com.br\/noticia\/wp-json\/wp\/v2\/tags?post=111593"}],"curies":[{"name":"wp","href":"https:\/\/api.w.org\/{rel}","templated":true}]}}