{"id":111597,"date":"2017-04-20T00:28:11","date_gmt":"2017-04-20T03:28:11","guid":{"rendered":"https:\/\/www.redenoticia.com.br\/noticia\/?p=111597"},"modified":"2017-04-19T16:28:59","modified_gmt":"2017-04-19T19:28:59","slug":"acessa-sp-oferece-curso-on-line-gratuito-de-design-thinking","status":"publish","type":"post","link":"https:\/\/migracao.redenoticia.com.br\/noticia\/2017\/acessa-sp-oferece-curso-on-line-gratuito-de-design-thinking\/111597","title":{"rendered":"Acessa SP oferece curso on-line gratuito de Design Thinking"},"content":{"rendered":"<p> Voc\u00ea j\u00e1 parou para pensar em quantas vezes esbarramos em problemas ou situa\u00e7\u00f5es que parecem n\u00e3o ter solu\u00e7\u00e3o? Ou quando queremos realizar um projeto e colocar as ideias em pr\u00e1tica, mas n\u00e3o sabemos por onde come\u00e7ar? Para ajudar a resolver essas situa\u00e7\u00f5es, o Acessa SP oferece o Minicurso <strong><em>Design Thinking<\/em><\/strong>, que traz uma abordagem diferente para os desafios do cotidiano.<\/p>\n<p>Al\u00e9m de ajudar a identificar os problemas, o servi\u00e7o tamb\u00e9m prop\u00f5e solu\u00e7\u00f5es, tudo isso de maneira coletiva e colaborativa. Para o curso vale a m\u00e1xima: \u201cduas cabe\u00e7as pensam melhor do que uma s\u00f3\u201d. O melhor \u00e9 que os interessados podem aprender virtualmente, conforme o tempo dispon\u00edvel.<\/p>\n<p>Os minicursos s\u00e3o gratuitos e divididos entre tr\u00eas e cinco aulas. Cada aula tem dura\u00e7\u00e3o de aproximadamente 15 minutos. Um atestado de tr\u00eas horas \u00e9 gerado automaticamente a cada minicurso conclu\u00eddo.<\/p>\n<p>Os interessados precisam apenas entrar no assunto escolhido. Em seguida, o usu\u00e1rio precisa matricular-se. \u00c9 s\u00f3 preencher a ficha com os dados b\u00e1sicos para identifica\u00e7\u00e3o e transitar livremente pela p\u00e1gina de navega\u00e7\u00e3o. Todos os Minicurso s\u00e3o gratuitos.<\/p>\n<p> Saiba mais sobre o curso de\u00a0 e outros minicursos do Acessa SP\u00a0. <\/p>\n<p>Do Portal do Governo SP<\/p>\n","protected":false},"excerpt":{"rendered":"<p>Voc\u00ea j\u00e1 parou para pensar em quantas vezes esbarramos em problemas ou situa\u00e7\u00f5es que parecem n\u00e3o ter solu\u00e7\u00e3o? Ou quando queremos realizar um projeto e colocar as ideias em pr\u00e1tica, mas n\u00e3o sabemos por onde come\u00e7ar? Para ajudar a resolver essas situa\u00e7\u00f5es, o Acessa SP oferece o Minicurso Design Thinking, que traz uma abordagem diferente [&hellip;]<\/p>\n","protected":false},"author":2,"featured_media":57577,"comment_status":"open","ping_status":"closed","sticky":false,"template":"","format":"standard","meta":{"tdm_status":"","tdm_grid_status":"","footnotes":""},"categories":[22,351,370],"tags":[],"class_list":{"0":"post-111597","1":"post","2":"type-post","3":"status-publish","4":"format-standard","5":"has-post-thumbnail","7":"category-brasil","8":"category-cursos","9":"category-inscricao"},"_links":{"self":[{"href":"https:\/\/migracao.redenoticia.com.br\/noticia\/wp-json\/wp\/v2\/posts\/111597","targetHints":{"allow":["GET"]}}],"collection":[{"href":"https:\/\/migracao.redenoticia.com.br\/noticia\/wp-json\/wp\/v2\/posts"}],"about":[{"href":"https:\/\/migracao.redenoticia.com.br\/noticia\/wp-json\/wp\/v2\/types\/post"}],"author":[{"embeddable":true,"href":"https:\/\/migracao.redenoticia.com.br\/noticia\/wp-json\/wp\/v2\/users\/2"}],"replies":[{"embeddable":true,"href":"https:\/\/migracao.redenoticia.com.br\/noticia\/wp-json\/wp\/v2\/comments?post=111597"}],"version-history":[{"count":0,"href":"https:\/\/migracao.redenoticia.com.br\/noticia\/wp-json\/wp\/v2\/posts\/111597\/revisions"}],"wp:featuredmedia":[{"embeddable":true,"href":"https:\/\/migracao.redenoticia.com.br\/noticia\/wp-json\/wp\/v2\/media\/57577"}],"wp:attachment":[{"href":"https:\/\/migracao.redenoticia.com.br\/noticia\/wp-json\/wp\/v2\/media?parent=111597"}],"wp:term":[{"taxonomy":"category","embeddable":true,"href":"https:\/\/migracao.redenoticia.com.br\/noticia\/wp-json\/wp\/v2\/categories?post=111597"},{"taxonomy":"post_tag","embeddable":true,"href":"https:\/\/migracao.redenoticia.com.br\/noticia\/wp-json\/wp\/v2\/tags?post=111597"}],"curies":[{"name":"wp","href":"https:\/\/api.w.org\/{rel}","templated":true}]}}