{"id":111676,"date":"2017-04-20T16:33:20","date_gmt":"2017-04-20T19:33:20","guid":{"rendered":"https:\/\/www.redenoticia.com.br\/noticia\/?p=111676"},"modified":"2017-04-20T14:34:09","modified_gmt":"2017-04-20T17:34:09","slug":"resumo-novela-carinha-de-anjo-2104-irma-cecilia-assiste-ao-comercial-e-fica-triste","status":"publish","type":"post","link":"https:\/\/migracao.redenoticia.com.br\/noticia\/2017\/resumo-novela-carinha-de-anjo-2104-irma-cecilia-assiste-ao-comercial-e-fica-triste\/111676","title":{"rendered":"Resumo novela \u201cCarinha de Anjo\u201d 21\/04: Irm\u00e3 Cec\u00edlia assiste ao comercial e fica triste"},"content":{"rendered":"<p><img loading=\"lazy\" decoding=\"async\" class=\"alignleft size-thumbnail wp-image-99331\" src=\"https:\/\/migracao.redenoticia.com.br\/noticia\/imagens\/carinha_de_anjo_sbt_novela_resumo_capitulo-150x112.jpg\" alt=\"carinha_de_anjo_sbt_novela_resumo_capitulo\" width=\"150\" height=\"112\" srcset=\"https:\/\/migracao.redenoticia.com.br\/noticia\/imagens\/carinha_de_anjo_sbt_novela_resumo_capitulo-150x112.jpg 150w, https:\/\/migracao.redenoticia.com.br\/noticia\/imagens\/carinha_de_anjo_sbt_novela_resumo_capitulo-265x198.jpg 265w\" sizes=\"auto, (max-width: 150px) 100vw, 150px\" \/><strong><em>Resumo novela \u201cCarinha de Anjo\u201d 21\/04<\/em><\/strong>: no cap\u00edtulo 110(*) da novela \u201cCarinha de Anjo\u201d, resumo de sexta-feira, 21 de abril, acontece a aguardada estreia do comercial de Nicole com Dulce Maria na televis\u00e3o. Irm\u00e3 Cec\u00edlia assiste ao comercial e fica triste. Diana conversa com Cec\u00edlia, que chora. Gustavo telefona para casa de In\u00e1cio e parabeniza Dulce pelo comercial. Todos assistem e ficam encantados. Miguel fica triste ao se despedir do pai, Valter (Luiz Araujo), mas entende que viver com os tios, Diana e In\u00e1cio, ser\u00e1 bom, por agora ter uma fam\u00edlia. Miguel pede ao pai para que pelo menos ele telefone para ouvir sua voz, se por caso demorar para voltar. Nicole n\u00e3o gosta de saber que Ver\u00f4nica vai na viagem de trabalho de Gustavo. Juju explica para a Rosana que o v\u00eddeo com a coluna dela travando viralizou na internet.<\/p>\n<p>(*) edi\u00e7\u00e3o do SBT, Novela \u201cCarinha de Anjo\u201d, sujeito a altera\u00e7\u00e3o de data e conte\u00fado.<\/p>\n<p>Carinha de Anjo \u00e9 uma telenovela brasileira produzida e exibida originalmente pelo SBT desde o dia 21 de novembro de 2016, substituindo o hor\u00e1rio anteriormente ocupado por C\u00famplices de um Resgate. A telenovela \u00e9 inspirada na mexicana Carita de \u00e1ngel, que, por sua vez, \u00e9 um remake de Mundo de juguete, ambas produzidas pela Televisa e que haviam sido baseadas na trama argentina escrita por Abel Santa Cruz, Pap\u00e1 coraz\u00f3n. Esta ser\u00e1 a segunda adapta\u00e7\u00e3o brasileira da obra original argentina, visto que a Rede Tupi apresentou em 1976 a sua primeira vers\u00e3o, chamada de Papai Cora\u00e7\u00e3o. A nova vers\u00e3o \u00e9 escrita por Leonor Corr\u00eaa, com supervis\u00e3o de \u00cdris Abravanel e dire\u00e7\u00e3o geral de Ricardo Mantoanelli. A trama conta com Lorena Queiroz, Bia Arantes, Carlo Porto, Priscila Sol, Dani Gondim, Karin Hils, Eliana Guttman e Lucero nos pap\u00e9is principais.<\/p>\n","protected":false},"excerpt":{"rendered":"<p>Resumo novela \u201cCarinha de Anjo\u201d 21\/04: no cap\u00edtulo 110(*) da novela \u201cCarinha de Anjo\u201d, resumo de sexta-feira, 21 de abril, acontece a aguardada estreia do comercial de Nicole com Dulce Maria na televis\u00e3o. Irm\u00e3 Cec\u00edlia assiste ao comercial e fica triste. Diana conversa com Cec\u00edlia, que chora. Gustavo telefona para casa de In\u00e1cio e parabeniza [&hellip;]<\/p>\n","protected":false},"author":4,"featured_media":99331,"comment_status":"open","ping_status":"closed","sticky":false,"template":"","format":"standard","meta":{"tdm_status":"","tdm_grid_status":"","footnotes":""},"categories":[452,379,372,343],"tags":[441],"class_list":{"0":"post-111676","1":"post","2":"type-post","3":"status-publish","4":"format-standard","5":"has-post-thumbnail","7":"category-carinha-de-anjo","8":"category-novelas","9":"category-sbt","10":"category-televisao","11":"tag-resumo-do-dia"},"_links":{"self":[{"href":"https:\/\/migracao.redenoticia.com.br\/noticia\/wp-json\/wp\/v2\/posts\/111676","targetHints":{"allow":["GET"]}}],"collection":[{"href":"https:\/\/migracao.redenoticia.com.br\/noticia\/wp-json\/wp\/v2\/posts"}],"about":[{"href":"https:\/\/migracao.redenoticia.com.br\/noticia\/wp-json\/wp\/v2\/types\/post"}],"author":[{"embeddable":true,"href":"https:\/\/migracao.redenoticia.com.br\/noticia\/wp-json\/wp\/v2\/users\/4"}],"replies":[{"embeddable":true,"href":"https:\/\/migracao.redenoticia.com.br\/noticia\/wp-json\/wp\/v2\/comments?post=111676"}],"version-history":[{"count":0,"href":"https:\/\/migracao.redenoticia.com.br\/noticia\/wp-json\/wp\/v2\/posts\/111676\/revisions"}],"wp:featuredmedia":[{"embeddable":true,"href":"https:\/\/migracao.redenoticia.com.br\/noticia\/wp-json\/wp\/v2\/media\/99331"}],"wp:attachment":[{"href":"https:\/\/migracao.redenoticia.com.br\/noticia\/wp-json\/wp\/v2\/media?parent=111676"}],"wp:term":[{"taxonomy":"category","embeddable":true,"href":"https:\/\/migracao.redenoticia.com.br\/noticia\/wp-json\/wp\/v2\/categories?post=111676"},{"taxonomy":"post_tag","embeddable":true,"href":"https:\/\/migracao.redenoticia.com.br\/noticia\/wp-json\/wp\/v2\/tags?post=111676"}],"curies":[{"name":"wp","href":"https:\/\/api.w.org\/{rel}","templated":true}]}}