{"id":111738,"date":"2017-04-28T16:41:38","date_gmt":"2017-04-28T19:41:38","guid":{"rendered":"https:\/\/www.redenoticia.com.br\/noticia\/?p=111738"},"modified":"2017-05-01T17:12:14","modified_gmt":"2017-05-01T20:12:14","slug":"novela-ribeirao-do-tempo-resumo-0105-querencio-decide-vender-o-quadro-na-praca","status":"publish","type":"post","link":"https:\/\/migracao.redenoticia.com.br\/noticia\/2017\/novela-ribeirao-do-tempo-resumo-0105-querencio-decide-vender-o-quadro-na-praca\/111738","title":{"rendered":"Novela \u201cRibeir\u00e3o do Tempo\u201d resumo 01\/05: Eleonora v\u00ea o sinal do mapa em Quer\u00eancio"},"content":{"rendered":"<p><img loading=\"lazy\" decoding=\"async\" src=\"https:\/\/migracao.redenoticia.com.br\/noticia\/imagens\/ribeirao_do_tempo_novela_record_resumo-150x112.jpg\" alt=\"\" width=\"150\" height=\"112\" class=\"alignleft size-thumbnail wp-image-108265\" srcset=\"https:\/\/migracao.redenoticia.com.br\/noticia\/imagens\/ribeirao_do_tempo_novela_record_resumo-150x112.jpg 150w, https:\/\/migracao.redenoticia.com.br\/noticia\/imagens\/ribeirao_do_tempo_novela_record_resumo-265x198.jpg 265w\" sizes=\"auto, (max-width: 150px) 100vw, 150px\" \/><strong><em>Novela \u201cRibeir\u00e3o do Tempo\u201d resumo 01\/05<\/em><\/strong>: no capitulo 040 (*) da novela \u201cRibeir\u00e3o do Tempo\u201d, segunda-feira, 01 de maio, Beatriz pede para Nasinho estimular Nicolau a investir em Arminda. Nicolau ressalta para Nasinho que Ferrolho n\u00e3o pode imaginar que ele est\u00e1 por tr\u00e1s do lance do avi\u00e3o. Filomena fica desesperada ao saber que Quer\u00eancio n\u00e3o terminou o quadro e afirma que vai embora de Ribeir\u00e3o. Eleonora prop\u00f5e a Filomena que elas tentem conscientizar Quer\u00eancio da responsabilidade que ele assumiu. Filomena e Eleonora tentam convencer Quer\u00eancio a entregar o quadro, mas ele foge com a pintura. Diana liga para Guilherme, que diz que vai tentar visit\u00e1-la. Arminda pede conselhos a Teixeira sobre a guarda de Diana. Teixeira fala para Arminda que \u00e9 preciso entrar com um pedido de guarda junto ao Juiz. Karina pergunta a Zuleide se Newton j\u00e1 foi namorado de Ellen. Zuleide fica grilada com a pergunta de Karina. Ellen confessa a Carmem que est\u00e1 pensando em se separar de S\u00edlvio. Carmem ap\u00f3ia a irm\u00e3. Eleonora fala para Arminda que tentou recuperar o quadro, mas Quer\u00eancio n\u00e3o o entregou a ela. A milion\u00e1ria afirma que j\u00e1 solicitou um jatinho para busc\u00e1-la. Quer\u00eancio fala para Marisa que vai vender o quadro de Madame Durrel na pra\u00e7a. Marisa perde a paci\u00eancia com Quer\u00eancio, que afirma que vai vender o quadro para algum gringo e virar artista internacional. Filomena diz a Ari que vai embora de Ribeir\u00e3o. <\/p>\n<p>Quer\u00eancio coloca o quadro para vender na Pra\u00e7a do Enforcado. Um grupo de turistas se aproxima e fica olhando o quadro. Teixeira avisa Eleonora que o jatinho j\u00e1 est\u00e1 a caminho para busc\u00e1-la. Iara compra roupas na loja de Karina, que acaba contando que viu Newton e Ellen juntos numa atitude para l\u00e1 de suspeita. Iara conta a fofoca para Virg\u00edlio, que conta para Clor\u00eds. C\u00e9lia v\u00ea o quadro de Quer\u00eancio exposto e faz um elogio ao artista. C\u00e9lia conta para Bruno que o quadro est\u00e1 \u00e0 venda na pra\u00e7a. Uma americana tenta negociar com Quer\u00eancio por interm\u00e9dio de S\u00e9rgio. Arminda se aproxima e cobre a oferta da americana, que n\u00e3o entende a confus\u00e3o e acaba desistindo de comprar a obra. Teixeira conta a Eleonora que Arminda resolveu pedir a guarda de Diana. Bruno tenta convencer Quer\u00eancio a desistir de vender o quadro. S\u00f4nia explica para Andr\u00e9 e S\u00e9rgio que Ajuricaba insiste em perguntar onde est\u00e1 o namorado dela. <\/p>\n<p>Eleonora afirma que vai at\u00e9 a pra\u00e7a resolver o problema com Quer\u00eancio. Ela oferece a Quer\u00eancio dez mil d\u00f3lares pelo quadro, mas ele n\u00e3o aceita. Eleonora pega o quadro e sai. Os dois puxam a tela, tipo cabo de guerra. Teixeira consegue segurar Quer\u00eancio e o leva \u00e0 for\u00e7a at\u00e9 o chafariz. Quer\u00eancio fica debru\u00e7ado no chafariz e parte do bumbum dele fica \u00e0 mostra. Eleonora fica em p\u00e2nico ao ver o sinal e desmaia. Teixeira tamb\u00e9m v\u00ea o sinal. Nasinho vai at\u00e9 a casa de Ferrolho e diz que ele precisa derrubar um avi\u00e3o. Teixeira entra no solar com Eleonora no colo. Arminda chama um m\u00e9dico. Filomena, muito triste, avisa a Quer\u00eancio que vai embora de Ribeir\u00e3o e que ele vai ter de se virar sozinho. Eleonora, j\u00e1 acordada, pede para ficar a s\u00f3s com Teixeira. Aflita, ela diz a seu advogado que n\u00e3o sabe o que fazer.<\/p>\n<p>(*) edi\u00e7\u00e3o da Rede Record, Novela \u201cRibeir\u00e3o do Tempo\u201d, sujeito a altera\u00e7\u00e3o de data e conte\u00fado.<\/p>\n","protected":false},"excerpt":{"rendered":"<p>Novela \u201cRibeir\u00e3o do Tempo\u201d resumo 01\/05: no capitulo 040 (*) da novela \u201cRibeir\u00e3o do Tempo\u201d, segunda-feira, 01 de maio, Beatriz pede para Nasinho estimular Nicolau a investir em Arminda. Nicolau ressalta para Nasinho que Ferrolho n\u00e3o pode imaginar que ele est\u00e1 por tr\u00e1s do lance do avi\u00e3o. Filomena fica desesperada ao saber que Quer\u00eancio n\u00e3o [&hellip;]<\/p>\n","protected":false},"author":2,"featured_media":108265,"comment_status":"open","ping_status":"closed","sticky":false,"template":"","format":"standard","meta":{"tdm_status":"","tdm_grid_status":"","footnotes":""},"categories":[379,371,343],"tags":[441],"class_list":{"0":"post-111738","1":"post","2":"type-post","3":"status-publish","4":"format-standard","5":"has-post-thumbnail","7":"category-novelas","8":"category-rede-record","9":"category-televisao","10":"tag-resumo-do-dia"},"_links":{"self":[{"href":"https:\/\/migracao.redenoticia.com.br\/noticia\/wp-json\/wp\/v2\/posts\/111738","targetHints":{"allow":["GET"]}}],"collection":[{"href":"https:\/\/migracao.redenoticia.com.br\/noticia\/wp-json\/wp\/v2\/posts"}],"about":[{"href":"https:\/\/migracao.redenoticia.com.br\/noticia\/wp-json\/wp\/v2\/types\/post"}],"author":[{"embeddable":true,"href":"https:\/\/migracao.redenoticia.com.br\/noticia\/wp-json\/wp\/v2\/users\/2"}],"replies":[{"embeddable":true,"href":"https:\/\/migracao.redenoticia.com.br\/noticia\/wp-json\/wp\/v2\/comments?post=111738"}],"version-history":[{"count":0,"href":"https:\/\/migracao.redenoticia.com.br\/noticia\/wp-json\/wp\/v2\/posts\/111738\/revisions"}],"wp:featuredmedia":[{"embeddable":true,"href":"https:\/\/migracao.redenoticia.com.br\/noticia\/wp-json\/wp\/v2\/media\/108265"}],"wp:attachment":[{"href":"https:\/\/migracao.redenoticia.com.br\/noticia\/wp-json\/wp\/v2\/media?parent=111738"}],"wp:term":[{"taxonomy":"category","embeddable":true,"href":"https:\/\/migracao.redenoticia.com.br\/noticia\/wp-json\/wp\/v2\/categories?post=111738"},{"taxonomy":"post_tag","embeddable":true,"href":"https:\/\/migracao.redenoticia.com.br\/noticia\/wp-json\/wp\/v2\/tags?post=111738"}],"curies":[{"name":"wp","href":"https:\/\/api.w.org\/{rel}","templated":true}]}}