{"id":111760,"date":"2017-04-22T00:02:50","date_gmt":"2017-04-22T03:02:50","guid":{"rendered":"https:\/\/www.redenoticia.com.br\/noticia\/?p=111760"},"modified":"2017-04-21T15:51:26","modified_gmt":"2017-04-21T18:51:26","slug":"resumo-novela-novo-mundo-2204-chalaca-ameaca-dulcina","status":"publish","type":"post","link":"https:\/\/migracao.redenoticia.com.br\/noticia\/2017\/resumo-novela-novo-mundo-2204-chalaca-ameaca-dulcina\/111760","title":{"rendered":"Resumo novela \u201cNovo Mundo\u201d 22\/04: Chala\u00e7a amea\u00e7a Dulcina"},"content":{"rendered":"<p><img loading=\"lazy\" decoding=\"async\" class=\"alignleft size-thumbnail wp-image-107950\" src=\"https:\/\/migracao.redenoticia.com.br\/noticia\/imagens\/novo_mundo_novela_resumo_globo-150x112.jpg\" alt=\"\" width=\"150\" height=\"112\" srcset=\"https:\/\/migracao.redenoticia.com.br\/noticia\/imagens\/novo_mundo_novela_resumo_globo-150x112.jpg 150w, https:\/\/migracao.redenoticia.com.br\/noticia\/imagens\/novo_mundo_novela_resumo_globo-265x198.jpg 265w\" sizes=\"auto, (max-width: 150px) 100vw, 150px\" \/><strong><em>Resumo novela \u201cNovo Mundo\u201d 22\/04<\/em><\/strong>: no cap\u00edtulo 028(*) da novela \u201cNovo Mundo\u201d, resumo de s\u00e1bado, 22 de abril, Anna observa Thomas dormir, entristecida. Elvira encontra o bilhete de Joaquim. Leopoldina agradece Pedro por n\u00e3o ter se encontrado com Dulcina. Jacira garante a Jurema que encontrar\u00e1 ca\u00e7a perto da aldeia. Dulcina vai ao pal\u00e1cio e Leopoldina decide falar com ela. Joaquim e Quinzinho chegam \u00e0 aldeia. Anna muda seu visual. Lurdes, Dalva e Patr\u00edcio ajudam Leopoldina a mandar Dulcina embora. Cec\u00edlia visita Am\u00e1lia. Tibiri\u00e7\u00e1 reclama do comportamento de Jacira para Joaquim. Jacira salva a vida de Ubirajara. Cec\u00edlia fala de Lib\u00e9rio para Am\u00e1lia. Piat\u00e3 e Peter se preocupam com Lib\u00e9rio. Idalina afirma a Wolfgang que Diara n\u00e3o quer saber de Matias. Diara pede para ser comprada por Sebasti\u00e3o. Chala\u00e7a amea\u00e7a Dulcina para afast\u00e1-la de Dom Pedro. Anna fica euf\u00f3rica com o presente que recebe de Thomas. Joaquim se incomoda com o retorno de Ubirajara para a aldeia. Leopoldina tem um mau pressentimento. Dulcina invade o pal\u00e1cio e amea\u00e7a a vida de Avilez, na frente de Dom Pedro.<\/p>\n<p>(*) edi\u00e7\u00e3o da Rede Globo, Novela \u201cNovo Mundo\u201d, sujeito a altera\u00e7\u00e3o de data e conte\u00fado.<\/p>\n<p>Novo Mundo \u00e9 uma telenovela brasileira produzida pela Rede Globo. Escrita por Thereza Falc\u00e3o e Alessandro Marson, conta com dire\u00e7\u00e3o art\u00edstica de Vin\u00edcius Coimbra. Conta com as participa\u00e7\u00f5es de Isabelle Drummond, Chay Suede, Caio Castro, Let\u00edcia Colin, Leo Jaime, D\u00e9bora Olivieri, Rodrigo Simas, Giullia Buscacio, Vivianne Pasmanter, Guilherme Piva, R\u00f4mulo Estrela, Agatha Moreira, Luisa Micheletti, Gabriel Braga Nunes, e Ingrid Guimar\u00e3es.<\/p>\n","protected":false},"excerpt":{"rendered":"<p>Resumo novela \u201cNovo Mundo\u201d 22\/04: no cap\u00edtulo 028(*) da novela \u201cNovo Mundo\u201d, resumo de s\u00e1bado, 22 de abril, Anna observa Thomas dormir, entristecida. Elvira encontra o bilhete de Joaquim. Leopoldina agradece Pedro por n\u00e3o ter se encontrado com Dulcina. Jacira garante a Jurema que encontrar\u00e1 ca\u00e7a perto da aldeia. Dulcina vai ao pal\u00e1cio e Leopoldina [&hellip;]<\/p>\n","protected":false},"author":4,"featured_media":107950,"comment_status":"open","ping_status":"closed","sticky":false,"template":"","format":"standard","meta":{"tdm_status":"","tdm_grid_status":"","footnotes":""},"categories":[379,375,343],"tags":[441],"class_list":{"0":"post-111760","1":"post","2":"type-post","3":"status-publish","4":"format-standard","5":"has-post-thumbnail","7":"category-novelas","8":"category-rede-globo","9":"category-televisao","10":"tag-resumo-do-dia"},"_links":{"self":[{"href":"https:\/\/migracao.redenoticia.com.br\/noticia\/wp-json\/wp\/v2\/posts\/111760","targetHints":{"allow":["GET"]}}],"collection":[{"href":"https:\/\/migracao.redenoticia.com.br\/noticia\/wp-json\/wp\/v2\/posts"}],"about":[{"href":"https:\/\/migracao.redenoticia.com.br\/noticia\/wp-json\/wp\/v2\/types\/post"}],"author":[{"embeddable":true,"href":"https:\/\/migracao.redenoticia.com.br\/noticia\/wp-json\/wp\/v2\/users\/4"}],"replies":[{"embeddable":true,"href":"https:\/\/migracao.redenoticia.com.br\/noticia\/wp-json\/wp\/v2\/comments?post=111760"}],"version-history":[{"count":0,"href":"https:\/\/migracao.redenoticia.com.br\/noticia\/wp-json\/wp\/v2\/posts\/111760\/revisions"}],"wp:featuredmedia":[{"embeddable":true,"href":"https:\/\/migracao.redenoticia.com.br\/noticia\/wp-json\/wp\/v2\/media\/107950"}],"wp:attachment":[{"href":"https:\/\/migracao.redenoticia.com.br\/noticia\/wp-json\/wp\/v2\/media?parent=111760"}],"wp:term":[{"taxonomy":"category","embeddable":true,"href":"https:\/\/migracao.redenoticia.com.br\/noticia\/wp-json\/wp\/v2\/categories?post=111760"},{"taxonomy":"post_tag","embeddable":true,"href":"https:\/\/migracao.redenoticia.com.br\/noticia\/wp-json\/wp\/v2\/tags?post=111760"}],"curies":[{"name":"wp","href":"https:\/\/api.w.org\/{rel}","templated":true}]}}