{"id":111811,"date":"2017-04-22T14:52:09","date_gmt":"2017-04-22T17:52:09","guid":{"rendered":"https:\/\/www.redenoticia.com.br\/noticia\/?p=111811"},"modified":"2017-04-22T14:52:09","modified_gmt":"2017-04-22T17:52:09","slug":"resumo-novela-chiquititas-2404-kelly-keller-flagra-erica-e-tomas-no-cafe","status":"publish","type":"post","link":"https:\/\/migracao.redenoticia.com.br\/noticia\/2017\/resumo-novela-chiquititas-2404-kelly-keller-flagra-erica-e-tomas-no-cafe\/111811","title":{"rendered":"Resumo novela \u201cChiquititas\u201d 24\/04: Kelly Keller flagra \u00c9rica e Tom\u00e1s no caf\u00e9"},"content":{"rendered":"<p> <img loading=\"lazy\" decoding=\"async\" class=\"alignleft size-thumbnail wp-image-49690\" src=\"https:\/\/migracao.redenoticia.com.br\/noticia\/imagens\/chiquititas1-150x112.jpg\" alt=\"chiquititas\" width=\"150\" height=\"112\" \/><strong><em>Resumo novela \u201cChiquititas\u201d 24\/04<\/em><\/strong>: no cap\u00edtulo 160(*) da novela \u201cChiquititas\u201d, resumo de segunda-feira, 24 de abril, \u00c9rica vai ao Caf\u00e9 Boutique com Tom\u00e1s Ferraz e finge ser sua namorada. Mais uma vez, Dani e Maria disputam por conta da boneca Laura. Durante o empurra-empurra, o bra\u00e7o da boneca se solta. Na sala, Mosca diz para os meninos que quando crescer gostaria de ser m\u00e9dico. Maria entrega a Laura para Mosca, que promete operar a boneca. Na cozinha, com a ajuda de Rafa e Binho, Mosca recoloca o bra\u00e7o da boneca como se estivesse numa mesa de cirurgia. No Caf\u00e9 Boutique, a jornalista Kelly Keller flagra \u00c9rica e Tom\u00e1s Ferraz. <\/p>\n<p>Maria Cec\u00edlia v\u00ea a cena e fica incomodada. No orfanato, Dani n\u00e3o quer mais emprestar a boneca para Maria, que fica triste. Anoitece, no Caf\u00e9 Boutique, Francis e Clarita perseguem o menino que rouba doces. O garoto esbarra em Junior e Francis consegue pegar ele. Na casa de Carol, Eduarda aparece no local, pede para ela se afastar de Junior e n\u00e3o atrapalhar novamente o noivado deles. No Caf\u00e9, o menino implora para que n\u00e3o o levem para a pol\u00edcia e diz que estava apenas com fome. Junior diz que o menino ter\u00e1 que explicar quem ele \u00e9 e como entrou na loja. O garoto diz que sua m\u00e3e morreu no ano passado e que nunca conheceu o pai, apesar de sua m\u00e3e dizer que ele era filho de um famoso jogador de futebol, o Alexander Souza. <\/p>\n<p>O menino, que se chama Thiago, diz que morava num orfanato, mas que fugiu por n\u00e3o gostar de l\u00e1. Junior oferece a ida dele para o orfanato Raio de Luz e diz que n\u00e3o deixar\u00e1 voltar para a rua. Dani decide dar a boneca Laura para Maria e diz que n\u00e3o quer uma boneca quebrada. Matilde descobre que no quadro de Carmen, na diretoria do orfanato, existe um microfone e c\u00e2meras. Junior pede para o pai, Jos\u00e9 Ricardo, autorizar a entrada de Thiago no orfanato. Jos\u00e9 Ricardo acha um absurdo o pedido. Carmen aprova a ideia de Junior, pois acredita que quanto mais crian\u00e7as no Raio de Luz, mais trabalho Cintia ter\u00e1. Vivi comemora que tirou nota 9 na escola e diz que ir\u00e1 com a prova at\u00e9 a casa de Matias para mostrar pro menino. Beto conta para Tobias que Maria Cec\u00edlia eJunior ir\u00e3o casar. O ex-barista fica decepcionado.<\/p>\n<p>(*) edi\u00e7\u00e3o do SBT, Novela \u201cChiquititas\u201d, sujeito a altera\u00e7\u00e3o de data e conte\u00fado.<\/p>\n<p>Chiquititas gira em torno do orfanato Raio de Luz, que carrega em sua hist\u00f3ria um grande segredo envolvendo a fam\u00edlia e o dono do orfanato, Dr. Jos\u00e9 Ricardo Almeida Campos. Em um per\u00edodo anterior \u00e0 novela, exatos treze anos, sua filha Gabriela se apaixonou e ficou gr\u00e1vida de Miguel, filho de Valentina, empregada da casa dos Almeida Campos. Pouco depois, Jos\u00e9 Ricardo sequestrou sua neta, pois, como um homem conservador, ele n\u00e3o aceitava a ideia de que sua filha se envolvesse com um empregado. Como sua neta, Milena, apelidada como Mili, precisava de um lugar para morar, ele comprou um casar\u00e3o e fundou um orfanato, o Raio de Luz. Mili cresceu l\u00e1 com outras garotas que chegaram posteriormente: Bia, Ana, as irm\u00e3s Tati e Vivi, e Cris. Ao decorrer dos anos, elas se tornam uma fam\u00edlia. Elas s\u00e3o supervisionadas por Ernestina, zeladora do orfanato, e Chico, o cozinheiro amado pelas internas. Sofia, ex-governanta da fam\u00edlia Almeida Campos, \u00e9 a diretora do lugar, at\u00e9 que Carmem, irm\u00e3 de Jos\u00e9 Ricardo, entre em seu lugar. Chegam ainda mais \u00f3rf\u00e3os: Pata, Mosca, Binho e Rafa, que viviam nas ruas antes de entrarem na institui\u00e7\u00e3o. Pata e Mili tornam-se amigas rapidamente, enquanto Mosca, Binho e Rafa s\u00e3o os primeiros garotos a entrar no abrigo. As crian\u00e7as sem-teto foram ajudadas por uma doce e bela garota que tocam e mudam a vida delas, assim como as das garotas \u00f3rf\u00e3s.<\/p>\n","protected":false},"excerpt":{"rendered":"<p>Resumo novela \u201cChiquititas\u201d 24\/04: no cap\u00edtulo 160(*) da novela \u201cChiquititas\u201d, resumo de segunda-feira, 24 de abril, \u00c9rica vai ao Caf\u00e9 Boutique com Tom\u00e1s Ferraz e finge ser sua namorada. Mais uma vez, Dani e Maria disputam por conta da boneca Laura. Durante o empurra-empurra, o bra\u00e7o da boneca se solta. Na sala, Mosca diz para [&hellip;]<\/p>\n","protected":false},"author":2,"featured_media":49690,"comment_status":"open","ping_status":"closed","sticky":false,"template":"","format":"standard","meta":{"tdm_status":"","tdm_grid_status":"","footnotes":""},"categories":[409,379,372,343],"tags":[441],"class_list":{"0":"post-111811","1":"post","2":"type-post","3":"status-publish","4":"format-standard","5":"has-post-thumbnail","7":"category-chiquititas","8":"category-novelas","9":"category-sbt","10":"category-televisao","11":"tag-resumo-do-dia"},"_links":{"self":[{"href":"https:\/\/migracao.redenoticia.com.br\/noticia\/wp-json\/wp\/v2\/posts\/111811","targetHints":{"allow":["GET"]}}],"collection":[{"href":"https:\/\/migracao.redenoticia.com.br\/noticia\/wp-json\/wp\/v2\/posts"}],"about":[{"href":"https:\/\/migracao.redenoticia.com.br\/noticia\/wp-json\/wp\/v2\/types\/post"}],"author":[{"embeddable":true,"href":"https:\/\/migracao.redenoticia.com.br\/noticia\/wp-json\/wp\/v2\/users\/2"}],"replies":[{"embeddable":true,"href":"https:\/\/migracao.redenoticia.com.br\/noticia\/wp-json\/wp\/v2\/comments?post=111811"}],"version-history":[{"count":0,"href":"https:\/\/migracao.redenoticia.com.br\/noticia\/wp-json\/wp\/v2\/posts\/111811\/revisions"}],"wp:featuredmedia":[{"embeddable":true,"href":"https:\/\/migracao.redenoticia.com.br\/noticia\/wp-json\/wp\/v2\/media\/49690"}],"wp:attachment":[{"href":"https:\/\/migracao.redenoticia.com.br\/noticia\/wp-json\/wp\/v2\/media?parent=111811"}],"wp:term":[{"taxonomy":"category","embeddable":true,"href":"https:\/\/migracao.redenoticia.com.br\/noticia\/wp-json\/wp\/v2\/categories?post=111811"},{"taxonomy":"post_tag","embeddable":true,"href":"https:\/\/migracao.redenoticia.com.br\/noticia\/wp-json\/wp\/v2\/tags?post=111811"}],"curies":[{"name":"wp","href":"https:\/\/api.w.org\/{rel}","templated":true}]}}