{"id":111817,"date":"2017-04-22T14:57:55","date_gmt":"2017-04-22T17:57:55","guid":{"rendered":"https:\/\/www.redenoticia.com.br\/noticia\/?p=111817"},"modified":"2017-04-22T14:57:55","modified_gmt":"2017-04-22T17:57:55","slug":"resumo-novela-novo-mundo-2404-domitila-confronta-felicio","status":"publish","type":"post","link":"https:\/\/migracao.redenoticia.com.br\/noticia\/2017\/resumo-novela-novo-mundo-2404-domitila-confronta-felicio\/111817","title":{"rendered":"Resumo novela \u201cNovo Mundo\u201d 24\/04: Domitila confronta Fel\u00edcio"},"content":{"rendered":"<p> <img loading=\"lazy\" decoding=\"async\" class=\"alignleft size-thumbnail wp-image-107950\" src=\"https:\/\/migracao.redenoticia.com.br\/noticia\/imagens\/novo_mundo_novela_resumo_globo-150x112.jpg\" alt=\"\" width=\"150\" height=\"112\" srcset=\"https:\/\/migracao.redenoticia.com.br\/noticia\/imagens\/novo_mundo_novela_resumo_globo-150x112.jpg 150w, https:\/\/migracao.redenoticia.com.br\/noticia\/imagens\/novo_mundo_novela_resumo_globo-265x198.jpg 265w\" sizes=\"auto, (max-width: 150px) 100vw, 150px\" \/><strong><em>Resumo novela \u201cNovo Mundo\u201d 24\/04<\/em><\/strong>: no cap\u00edtulo 029(*) da novela \u201cNovo Mundo\u201d, resumo de segunda-feira, 24 de abril, Pedro consegue desarmar Dulcina e Avilez pede segredo sobre o incidente. Joaquim tem uma ideia para tentar conter a revolta dos \u00edndios contra Dom Pedro. Diara teme por seu futuro. Chala\u00e7a alerta Pedro sobre a situa\u00e7\u00e3o de S\u00e3o Paulo. Thomas surpreende Anna ao dizer que trar\u00e1 os pertences de seu pai para o Brasil. Elvira reconhece Diara entre as pessoas escravizadas e procura Wolfgang. Avilez manda Dulcina de volta para a Europa. Leopoldina desabafa com Anna. Domitila confronta Fel\u00edcio. Dom Pedro convoca uma reuni\u00e3o com os Ministros. Wolfgang tenta resgatar Diara. Peter revela a Cec\u00edlia o motivo do ataque a Lib\u00e9rio. Jacira consegue se juntar aos \u00edndios guerreiros. Chala\u00e7a afirma a Dom Pedro que o Brasil est\u00e1 falido.<\/p>\n<p>(*) edi\u00e7\u00e3o da Rede Globo, Novela \u201cNovo Mundo\u201d, sujeito a altera\u00e7\u00e3o de data e conte\u00fado.<\/p>\n<p>Novo Mundo \u00e9 uma telenovela brasileira produzida pela Rede Globo. Escrita por Thereza Falc\u00e3o e Alessandro Marson, conta com dire\u00e7\u00e3o art\u00edstica de Vin\u00edcius Coimbra. Conta com as participa\u00e7\u00f5es de Isabelle Drummond, Chay Suede, Caio Castro, Let\u00edcia Colin, Leo Jaime, D\u00e9bora Olivieri, Rodrigo Simas, Giullia Buscacio, Vivianne Pasmanter, Guilherme Piva, R\u00f4mulo Estrela, Agatha Moreira, Luisa Micheletti, Gabriel Braga Nunes, e Ingrid Guimar\u00e3es.<\/p>\n","protected":false},"excerpt":{"rendered":"<p>Resumo novela \u201cNovo Mundo\u201d 24\/04: no cap\u00edtulo 029(*) da novela \u201cNovo Mundo\u201d, resumo de segunda-feira, 24 de abril, Pedro consegue desarmar Dulcina e Avilez pede segredo sobre o incidente. Joaquim tem uma ideia para tentar conter a revolta dos \u00edndios contra Dom Pedro. Diara teme por seu futuro. Chala\u00e7a alerta Pedro sobre a situa\u00e7\u00e3o de [&hellip;]<\/p>\n","protected":false},"author":2,"featured_media":107950,"comment_status":"open","ping_status":"closed","sticky":false,"template":"","format":"standard","meta":{"tdm_status":"","tdm_grid_status":"","footnotes":""},"categories":[379,375,343],"tags":[441],"class_list":{"0":"post-111817","1":"post","2":"type-post","3":"status-publish","4":"format-standard","5":"has-post-thumbnail","7":"category-novelas","8":"category-rede-globo","9":"category-televisao","10":"tag-resumo-do-dia"},"_links":{"self":[{"href":"https:\/\/migracao.redenoticia.com.br\/noticia\/wp-json\/wp\/v2\/posts\/111817","targetHints":{"allow":["GET"]}}],"collection":[{"href":"https:\/\/migracao.redenoticia.com.br\/noticia\/wp-json\/wp\/v2\/posts"}],"about":[{"href":"https:\/\/migracao.redenoticia.com.br\/noticia\/wp-json\/wp\/v2\/types\/post"}],"author":[{"embeddable":true,"href":"https:\/\/migracao.redenoticia.com.br\/noticia\/wp-json\/wp\/v2\/users\/2"}],"replies":[{"embeddable":true,"href":"https:\/\/migracao.redenoticia.com.br\/noticia\/wp-json\/wp\/v2\/comments?post=111817"}],"version-history":[{"count":0,"href":"https:\/\/migracao.redenoticia.com.br\/noticia\/wp-json\/wp\/v2\/posts\/111817\/revisions"}],"wp:featuredmedia":[{"embeddable":true,"href":"https:\/\/migracao.redenoticia.com.br\/noticia\/wp-json\/wp\/v2\/media\/107950"}],"wp:attachment":[{"href":"https:\/\/migracao.redenoticia.com.br\/noticia\/wp-json\/wp\/v2\/media?parent=111817"}],"wp:term":[{"taxonomy":"category","embeddable":true,"href":"https:\/\/migracao.redenoticia.com.br\/noticia\/wp-json\/wp\/v2\/categories?post=111817"},{"taxonomy":"post_tag","embeddable":true,"href":"https:\/\/migracao.redenoticia.com.br\/noticia\/wp-json\/wp\/v2\/tags?post=111817"}],"curies":[{"name":"wp","href":"https:\/\/api.w.org\/{rel}","templated":true}]}}