{"id":111882,"date":"2017-04-25T00:04:33","date_gmt":"2017-04-25T03:04:33","guid":{"rendered":"https:\/\/www.redenoticia.com.br\/noticia\/?p=111882"},"modified":"2017-04-24T16:06:18","modified_gmt":"2017-04-24T19:06:18","slug":"inscricoes-para-pos-em-ciencias-de-computacao-e-matematica-computacional","status":"publish","type":"post","link":"https:\/\/migracao.redenoticia.com.br\/noticia\/2017\/inscricoes-para-pos-em-ciencias-de-computacao-e-matematica-computacional\/111882","title":{"rendered":"Inscri\u00e7\u00f5es para p\u00f3s em Ci\u00eancias de Computa\u00e7\u00e3o e Matem\u00e1tica Computacional"},"content":{"rendered":"<p> Ag\u00eancia FAPESP \u2013 Inscri\u00e7\u00f5es para p\u00f3s em Ci\u00eancias de Computa\u00e7\u00e3o e Matem\u00e1tica Computacional &#8211; O Instituto de Ci\u00eancias Matem\u00e1ticas e de Computa\u00e7\u00e3o (ICMC) da Universidade de S\u00e3o Paulo (USP), em S\u00e3o Carlos, abriu inscri\u00e7\u00f5es para o ingresso no programa de <strong><em>p\u00f3s-gradua\u00e7\u00e3o em Ci\u00eancias de Computa\u00e7\u00e3o e Matem\u00e1tica Computacional<\/em><\/strong>. As inscri\u00e7\u00f5es para as vagas do mestrado encerram em 11 de maio. J\u00e1 para o doutorado e p\u00f3s-doutorado as inscri\u00e7\u00f5es ocorrem em fluxo cont\u00ednuo, durante todo o ano.<\/p>\n<p>Da sele\u00e7\u00e3o para o mestrado, podem participar candidatos que completaram cursos de gradua\u00e7\u00e3o e ir\u00e3o realizar a cola\u00e7\u00e3o de grau at\u00e9 a data de matr\u00edcula.<\/p>\n<p>J\u00e1 o curso de doutorado est\u00e1 aberto a alunos com mestrado em Ci\u00eancia da Computa\u00e7\u00e3o, Engenharia da Computa\u00e7\u00e3o, Matem\u00e1tica, Estat\u00edstica e \u00e1reas afins.<\/p>\n<p>Mais informa\u00e7\u00f5es est\u00e3o dispon\u00edveis nos editais para o ,  e .<\/p>\n<p>Para se inscrever, os candidatos devem acessar o endere\u00e7o .<\/p>\n","protected":false},"excerpt":{"rendered":"<p>Ag\u00eancia FAPESP \u2013 Inscri\u00e7\u00f5es para p\u00f3s em Ci\u00eancias de Computa\u00e7\u00e3o e Matem\u00e1tica Computacional &#8211; O Instituto de Ci\u00eancias Matem\u00e1ticas e de Computa\u00e7\u00e3o (ICMC) da Universidade de S\u00e3o Paulo (USP), em S\u00e3o Carlos, abriu inscri\u00e7\u00f5es para o ingresso no programa de p\u00f3s-gradua\u00e7\u00e3o em Ci\u00eancias de Computa\u00e7\u00e3o e Matem\u00e1tica Computacional. As inscri\u00e7\u00f5es para as vagas do mestrado [&hellip;]<\/p>\n","protected":false},"author":2,"featured_media":57576,"comment_status":"open","ping_status":"closed","sticky":false,"template":"","format":"standard","meta":{"tdm_status":"","tdm_grid_status":"","footnotes":""},"categories":[22,351,370],"tags":[],"class_list":{"0":"post-111882","1":"post","2":"type-post","3":"status-publish","4":"format-standard","5":"has-post-thumbnail","7":"category-brasil","8":"category-cursos","9":"category-inscricao"},"_links":{"self":[{"href":"https:\/\/migracao.redenoticia.com.br\/noticia\/wp-json\/wp\/v2\/posts\/111882","targetHints":{"allow":["GET"]}}],"collection":[{"href":"https:\/\/migracao.redenoticia.com.br\/noticia\/wp-json\/wp\/v2\/posts"}],"about":[{"href":"https:\/\/migracao.redenoticia.com.br\/noticia\/wp-json\/wp\/v2\/types\/post"}],"author":[{"embeddable":true,"href":"https:\/\/migracao.redenoticia.com.br\/noticia\/wp-json\/wp\/v2\/users\/2"}],"replies":[{"embeddable":true,"href":"https:\/\/migracao.redenoticia.com.br\/noticia\/wp-json\/wp\/v2\/comments?post=111882"}],"version-history":[{"count":0,"href":"https:\/\/migracao.redenoticia.com.br\/noticia\/wp-json\/wp\/v2\/posts\/111882\/revisions"}],"wp:featuredmedia":[{"embeddable":true,"href":"https:\/\/migracao.redenoticia.com.br\/noticia\/wp-json\/wp\/v2\/media\/57576"}],"wp:attachment":[{"href":"https:\/\/migracao.redenoticia.com.br\/noticia\/wp-json\/wp\/v2\/media?parent=111882"}],"wp:term":[{"taxonomy":"category","embeddable":true,"href":"https:\/\/migracao.redenoticia.com.br\/noticia\/wp-json\/wp\/v2\/categories?post=111882"},{"taxonomy":"post_tag","embeddable":true,"href":"https:\/\/migracao.redenoticia.com.br\/noticia\/wp-json\/wp\/v2\/tags?post=111882"}],"curies":[{"name":"wp","href":"https:\/\/api.w.org\/{rel}","templated":true}]}}