{"id":111885,"date":"2017-04-25T00:06:24","date_gmt":"2017-04-25T03:06:24","guid":{"rendered":"https:\/\/www.redenoticia.com.br\/noticia\/?p=111885"},"modified":"2017-04-24T16:07:30","modified_gmt":"2017-04-24T19:07:30","slug":"pos-doutorado-em-farmacologia-molecular-com-bolsa-da-fapesp-3","status":"publish","type":"post","link":"https:\/\/migracao.redenoticia.com.br\/noticia\/2017\/pos-doutorado-em-farmacologia-molecular-com-bolsa-da-fapesp-3\/111885","title":{"rendered":"P\u00f3s-Doutorado em Farmacologia Molecular com Bolsa da FAPESP"},"content":{"rendered":"<p> Ag\u00eancia FAPESP \u2013 O Departamento de Bioqu\u00edmica e Imunologia da Faculdade de Medicina de Ribeir\u00e3o Preto da Universidade de S\u00e3o Paulo (USP) oferece uma oportunidade de <strong><em>P\u00f3s-Doutorado em Farmacologia Molecular<\/em><\/strong> com Bolsa da FAPESP. O prazo de inscri\u00e7\u00e3o encerra em 28 de abril. A bolsa est\u00e1 vinculada ao Projeto Tem\u00e1tico &#8220;&#8221;, que tem Claudio Miguel da Costa-Neto como pesquisador respons\u00e1vel.<\/p>\n<p>O principal objetivo do Tem\u00e1tico \u00e9 desenvolver e caracterizar bioqu\u00edmica e farmacologicamente novos ligantes\/f\u00e1rmacos para GPCRs.<\/p>\n<p>Para mais informa\u00e7\u00f5es acesse o site do laborat\u00f3rio: .<\/p>\n<p>Os candidatos devem ter t\u00edtulo de doutor, bons conhecimentos de biologia molecular, cultura celular, ensaios de sinaliza\u00e7\u00e3o celular, western blotting, ensaios de intera\u00e7\u00e3o (binding), e \u00e9 desej\u00e1vel que tenham experi\u00eancia com sistemas de High Content Screening (HCS) por microscopia. Embora n\u00e3o seja uma exig\u00eancia, o contato pr\u00e9vio com sistemas de HCS ser\u00e1 um fator positivo na an\u00e1lise curricular.<\/p>\n<p>Os interessados devem enviar curr\u00edculo vitae, carta de encaminhamento descrevendo experi\u00eancias relevantes, interesses e objetivos na carreira, al\u00e9m de duas cartas de recomenda\u00e7\u00e3o para Claudio M. Costa-Neto no endere\u00e7o claudio@fmrp.usp.br.<\/p>\n<p>A oportunidade est\u00e1 publicada em .<\/p>\n<p>O selecionado receber\u00e1 bolsa de P\u00f3s-Doutorado da FAPESP no valor de R$ 6.819,30 mensais e Reserva T\u00e9cnica. A Reserva T\u00e9cnica da bolsa de PD equivale a 15% do valor anual da bolsa e tem o objetivo de atender a despesas imprevistas e diretamente relacionadas \u00e0 atividade de pesquisa.<\/p>\n<p>Caso o bolsista resida em domic\u00edlio diferente e precise se mudar para a cidade onde se localiza a institui\u00e7\u00e3o-sede da pesquisa, poder\u00e1 ter direito a um Aux\u00edlio-Instala\u00e7\u00e3o.<\/p>\n<p>Mais informa\u00e7\u00f5es sobre a bolsa de P\u00f3s-Doutorado da FAPESP est\u00e3o dispon\u00edveis em .<\/p>\n<p>Outras vagas de bolsas de P\u00f3s-Doutorado, em diversas \u00e1reas do conhecimento, est\u00e3o no site .<\/p>\n","protected":false},"excerpt":{"rendered":"<p>Ag\u00eancia FAPESP \u2013 O Departamento de Bioqu\u00edmica e Imunologia da Faculdade de Medicina de Ribeir\u00e3o Preto da Universidade de S\u00e3o Paulo (USP) oferece uma oportunidade de P\u00f3s-Doutorado em Farmacologia Molecular com Bolsa da FAPESP. O prazo de inscri\u00e7\u00e3o encerra em 28 de abril. A bolsa est\u00e1 vinculada ao Projeto Tem\u00e1tico &#8220;&#8221;, que tem Claudio Miguel [&hellip;]<\/p>\n","protected":false},"author":2,"featured_media":37376,"comment_status":"open","ping_status":"closed","sticky":false,"template":"","format":"standard","meta":{"tdm_status":"","tdm_grid_status":"","footnotes":""},"categories":[22,351,370],"tags":[],"class_list":{"0":"post-111885","1":"post","2":"type-post","3":"status-publish","4":"format-standard","5":"has-post-thumbnail","7":"category-brasil","8":"category-cursos","9":"category-inscricao"},"_links":{"self":[{"href":"https:\/\/migracao.redenoticia.com.br\/noticia\/wp-json\/wp\/v2\/posts\/111885","targetHints":{"allow":["GET"]}}],"collection":[{"href":"https:\/\/migracao.redenoticia.com.br\/noticia\/wp-json\/wp\/v2\/posts"}],"about":[{"href":"https:\/\/migracao.redenoticia.com.br\/noticia\/wp-json\/wp\/v2\/types\/post"}],"author":[{"embeddable":true,"href":"https:\/\/migracao.redenoticia.com.br\/noticia\/wp-json\/wp\/v2\/users\/2"}],"replies":[{"embeddable":true,"href":"https:\/\/migracao.redenoticia.com.br\/noticia\/wp-json\/wp\/v2\/comments?post=111885"}],"version-history":[{"count":0,"href":"https:\/\/migracao.redenoticia.com.br\/noticia\/wp-json\/wp\/v2\/posts\/111885\/revisions"}],"wp:featuredmedia":[{"embeddable":true,"href":"https:\/\/migracao.redenoticia.com.br\/noticia\/wp-json\/wp\/v2\/media\/37376"}],"wp:attachment":[{"href":"https:\/\/migracao.redenoticia.com.br\/noticia\/wp-json\/wp\/v2\/media?parent=111885"}],"wp:term":[{"taxonomy":"category","embeddable":true,"href":"https:\/\/migracao.redenoticia.com.br\/noticia\/wp-json\/wp\/v2\/categories?post=111885"},{"taxonomy":"post_tag","embeddable":true,"href":"https:\/\/migracao.redenoticia.com.br\/noticia\/wp-json\/wp\/v2\/tags?post=111885"}],"curies":[{"name":"wp","href":"https:\/\/api.w.org\/{rel}","templated":true}]}}