{"id":111887,"date":"2017-04-25T00:07:36","date_gmt":"2017-04-25T03:07:36","guid":{"rendered":"https:\/\/www.redenoticia.com.br\/noticia\/?p=111887"},"modified":"2017-04-24T16:08:27","modified_gmt":"2017-04-24T19:08:27","slug":"pos-doutorado-em-biologia-molecular-com-bolsa-da-fapesp-2","status":"publish","type":"post","link":"https:\/\/migracao.redenoticia.com.br\/noticia\/2017\/pos-doutorado-em-biologia-molecular-com-bolsa-da-fapesp-2\/111887","title":{"rendered":"P\u00f3s-Doutorado em Biologia Molecular com Bolsa da FAPESP"},"content":{"rendered":"<p> Ag\u00eancia FAPESP \u2013 O Laborat\u00f3rio de Biof\u00e1rmacos em C\u00e9lulas Animais do Instituto Butantan oferece oportunidade de bolsa de <strong><em>P\u00f3s-Doutorado em Biologia Molecular<\/em><\/strong> com Bolsa da FAPESP. O prazo de inscri\u00e7\u00e3o encerra em 28 de abril. A bolsa est\u00e1 vinculada ao Projeto Tem\u00e1tico \u201c\u201d que tem Ana Maria Moro como pesquisadora respons\u00e1vel.<\/p>\n<p>O bolsista vai atuar no desenvolvimento de anticorpo monoclonal anti-CD3 humano. Um anti-CD3 murino foi produzido pelo grupo e utilizado em ensaios cl\u00ednicos, no passado, para o controle de rejei\u00e7\u00e3o ao transplante de \u00f3rg\u00e3os. Sendo um imunomodulador com potencial terap\u00eautico na indu\u00e7\u00e3o de toler\u00e2ncia, faz-se necess\u00e1ria a obten\u00e7\u00e3o do anticorpo humanizado.<\/p>\n<p>Os candidatos dever\u00e3o ser capaz de construir vetores para a express\u00e3o de anticorpos com boa produtividade e estabilidade, al\u00e9m de desenhar os genes para express\u00e3o de IgG completa. Talvez seja necess\u00e1rio um novo processo de humaniza\u00e7\u00e3o do anticorpo.<\/p>\n<p>Os candidatos devem ter t\u00edtulo de doutor e experi\u00eancia pr\u00e9via s\u00f3lida nas t\u00e9cnicas de biologia molecular. Desej\u00e1vel experi\u00eancia com genes de anticorpos e citometria de fluxo. Os interessados devem enviar para Dra. Ana Maria Moro, no endere\u00e7o ana.moro@butantan.gov.br, carta de apresenta\u00e7\u00e3o indicando a raz\u00e3o do interesse e com breve relato de sua experi\u00eancia, curriculum vitae e duas cartas de recomenda\u00e7\u00e3o.<\/p>\n<p>A oportunidade est\u00e1 publicada em .<\/p>\n<p>O selecionado receber\u00e1 bolsa de P\u00f3s-Doutorado da FAPESP no valor de R$ 6.819,30 mensais e Reserva T\u00e9cnica. A Reserva T\u00e9cnica da bolsa de PD equivale a 15% do valor anual da bolsa e tem o objetivo de atender a despesas imprevistas e diretamente relacionadas \u00e0 atividade de pesquisa.<\/p>\n<p>Caso o bolsista resida em domic\u00edlio diferente e precise se mudar para a cidade onde se localiza a institui\u00e7\u00e3o-sede da pesquisa, poder\u00e1 ter direito a um Aux\u00edlio-Instala\u00e7\u00e3o.<\/p>\n<p>Mais informa\u00e7\u00f5es sobre a bolsa de P\u00f3s-Doutorado da FAPESP est\u00e3o dispon\u00edveis em .<\/p>\n<p>Outras vagas de bolsas de P\u00f3s-Doutorado, em diversas \u00e1reas do conhecimento, est\u00e3o no site .<\/p>\n","protected":false},"excerpt":{"rendered":"<p>Ag\u00eancia FAPESP \u2013 O Laborat\u00f3rio de Biof\u00e1rmacos em C\u00e9lulas Animais do Instituto Butantan oferece oportunidade de bolsa de P\u00f3s-Doutorado em Biologia Molecular com Bolsa da FAPESP. O prazo de inscri\u00e7\u00e3o encerra em 28 de abril. A bolsa est\u00e1 vinculada ao Projeto Tem\u00e1tico \u201c\u201d que tem Ana Maria Moro como pesquisadora respons\u00e1vel. O bolsista vai atuar [&hellip;]<\/p>\n","protected":false},"author":2,"featured_media":36246,"comment_status":"open","ping_status":"closed","sticky":false,"template":"","format":"standard","meta":{"tdm_status":"","tdm_grid_status":"","footnotes":""},"categories":[22,351,370],"tags":[],"class_list":{"0":"post-111887","1":"post","2":"type-post","3":"status-publish","4":"format-standard","5":"has-post-thumbnail","7":"category-brasil","8":"category-cursos","9":"category-inscricao"},"_links":{"self":[{"href":"https:\/\/migracao.redenoticia.com.br\/noticia\/wp-json\/wp\/v2\/posts\/111887","targetHints":{"allow":["GET"]}}],"collection":[{"href":"https:\/\/migracao.redenoticia.com.br\/noticia\/wp-json\/wp\/v2\/posts"}],"about":[{"href":"https:\/\/migracao.redenoticia.com.br\/noticia\/wp-json\/wp\/v2\/types\/post"}],"author":[{"embeddable":true,"href":"https:\/\/migracao.redenoticia.com.br\/noticia\/wp-json\/wp\/v2\/users\/2"}],"replies":[{"embeddable":true,"href":"https:\/\/migracao.redenoticia.com.br\/noticia\/wp-json\/wp\/v2\/comments?post=111887"}],"version-history":[{"count":0,"href":"https:\/\/migracao.redenoticia.com.br\/noticia\/wp-json\/wp\/v2\/posts\/111887\/revisions"}],"wp:featuredmedia":[{"embeddable":true,"href":"https:\/\/migracao.redenoticia.com.br\/noticia\/wp-json\/wp\/v2\/media\/36246"}],"wp:attachment":[{"href":"https:\/\/migracao.redenoticia.com.br\/noticia\/wp-json\/wp\/v2\/media?parent=111887"}],"wp:term":[{"taxonomy":"category","embeddable":true,"href":"https:\/\/migracao.redenoticia.com.br\/noticia\/wp-json\/wp\/v2\/categories?post=111887"},{"taxonomy":"post_tag","embeddable":true,"href":"https:\/\/migracao.redenoticia.com.br\/noticia\/wp-json\/wp\/v2\/tags?post=111887"}],"curies":[{"name":"wp","href":"https:\/\/api.w.org\/{rel}","templated":true}]}}