{"id":111889,"date":"2017-04-25T00:08:33","date_gmt":"2017-04-25T03:08:33","guid":{"rendered":"https:\/\/www.redenoticia.com.br\/noticia\/?p=111889"},"modified":"2017-04-24T16:10:37","modified_gmt":"2017-04-24T19:10:37","slug":"curso-para-criar-itens-da-tradicao-indigena","status":"publish","type":"post","link":"https:\/\/migracao.redenoticia.com.br\/noticia\/2017\/curso-para-criar-itens-da-tradicao-indigena\/111889","title":{"rendered":"Curso para criar itens da tradi\u00e7\u00e3o ind\u00edgena"},"content":{"rendered":"<p>Kaingang, Krenak, Terena e Guarani. Essas s\u00e3o algumas etnias presentes na regi\u00e3o Oeste de S\u00e3o Paulo que participar\u00e3o da 45\u00aa Semana do \u00cdndio de Tup\u00e3. A programa\u00e7\u00e3o foi montada entre os dias 25 e 30 de abril, pelo Museu \u00cdndia Vanu\u00edre. Entre as atividades ser\u00e3o apresentadas <strong><em>oficinas comandadas por ind\u00edgenas<\/em><\/strong> na Pra\u00e7a das Bandeiras. As oficinas acontecer\u00e3o em quatro hor\u00e1rios, \u00e0s 9h, 10h, 14h e 15h.\u00a0O p\u00fablico poder\u00e1 confeccionar adornos, arcos e flechas, artesanatos e bodoques, que fazem parte da tradi\u00e7\u00e3o e dos costumes de cada grupo \u00e9tnico.<\/p>\n<p>No Museu um ind\u00edgena receber\u00e1 os visitantes e guiar\u00e1 a exposi\u00e7\u00e3o tra\u00e7ando a rela\u00e7\u00e3o entre os objetos e as hist\u00f3rias. O \u00edndio tamb\u00e9m colocar\u00e1 sua viv\u00eancia na terra ind\u00edgena que pertence. O p\u00fablico poder\u00e1 tirar d\u00favidas e trocar experi\u00eancias buscando desconstruir preconceitos e clich\u00eas sobre os \u00edndios. No Audit\u00f3rio da institui\u00e7\u00e3o ainda ser\u00e1 poss\u00edvel assistir document\u00e1rios relacionados, de 25 a 29, \u00e0s 11h e \u00e0s 16.<\/p>\n<p>No s\u00e1bado (29), a partir das 16h, ser\u00e1 exibido um importante espet\u00e1culo na Pra\u00e7a da Bandeira. Mais de 650 ind\u00edgenas v\u00e3o se reunir em um grande festival de dan\u00e7a onde celebrar\u00e3o seus costumes. Tamb\u00e9m v\u00e3o falar sobre a necessidade da preserva\u00e7\u00e3o das ra\u00edzes e dos saberes de seus povos.<br \/>\nVeja a programa\u00e7\u00e3o completa da 45\u00aa Semana do \u00cdndio de Tup\u00e3 .<\/p>\n<p>Do Portal do Governo SP<\/p>\n","protected":false},"excerpt":{"rendered":"<p>Kaingang, Krenak, Terena e Guarani. Essas s\u00e3o algumas etnias presentes na regi\u00e3o Oeste de S\u00e3o Paulo que participar\u00e3o da 45\u00aa Semana do \u00cdndio de Tup\u00e3. A programa\u00e7\u00e3o foi montada entre os dias 25 e 30 de abril, pelo Museu \u00cdndia Vanu\u00edre. Entre as atividades ser\u00e3o apresentadas oficinas comandadas por ind\u00edgenas na Pra\u00e7a das Bandeiras. As [&hellip;]<\/p>\n","protected":false},"author":2,"featured_media":33923,"comment_status":"open","ping_status":"closed","sticky":false,"template":"","format":"standard","meta":{"tdm_status":"","tdm_grid_status":"","footnotes":""},"categories":[22,351,370],"tags":[],"class_list":{"0":"post-111889","1":"post","2":"type-post","3":"status-publish","4":"format-standard","5":"has-post-thumbnail","7":"category-brasil","8":"category-cursos","9":"category-inscricao"},"_links":{"self":[{"href":"https:\/\/migracao.redenoticia.com.br\/noticia\/wp-json\/wp\/v2\/posts\/111889","targetHints":{"allow":["GET"]}}],"collection":[{"href":"https:\/\/migracao.redenoticia.com.br\/noticia\/wp-json\/wp\/v2\/posts"}],"about":[{"href":"https:\/\/migracao.redenoticia.com.br\/noticia\/wp-json\/wp\/v2\/types\/post"}],"author":[{"embeddable":true,"href":"https:\/\/migracao.redenoticia.com.br\/noticia\/wp-json\/wp\/v2\/users\/2"}],"replies":[{"embeddable":true,"href":"https:\/\/migracao.redenoticia.com.br\/noticia\/wp-json\/wp\/v2\/comments?post=111889"}],"version-history":[{"count":0,"href":"https:\/\/migracao.redenoticia.com.br\/noticia\/wp-json\/wp\/v2\/posts\/111889\/revisions"}],"wp:featuredmedia":[{"embeddable":true,"href":"https:\/\/migracao.redenoticia.com.br\/noticia\/wp-json\/wp\/v2\/media\/33923"}],"wp:attachment":[{"href":"https:\/\/migracao.redenoticia.com.br\/noticia\/wp-json\/wp\/v2\/media?parent=111889"}],"wp:term":[{"taxonomy":"category","embeddable":true,"href":"https:\/\/migracao.redenoticia.com.br\/noticia\/wp-json\/wp\/v2\/categories?post=111889"},{"taxonomy":"post_tag","embeddable":true,"href":"https:\/\/migracao.redenoticia.com.br\/noticia\/wp-json\/wp\/v2\/tags?post=111889"}],"curies":[{"name":"wp","href":"https:\/\/api.w.org\/{rel}","templated":true}]}}