{"id":111894,"date":"2017-04-24T16:30:48","date_gmt":"2017-04-24T19:30:48","guid":{"rendered":"https:\/\/www.redenoticia.com.br\/noticia\/?p=111894"},"modified":"2017-04-24T16:15:15","modified_gmt":"2017-04-24T19:15:15","slug":"resumo-novela-rubi-2504-rubi-e-presa","status":"publish","type":"post","link":"https:\/\/migracao.redenoticia.com.br\/noticia\/2017\/resumo-novela-rubi-2504-rubi-e-presa\/111894","title":{"rendered":"Resumo novela \u201cRubi\u201d 25\/04: Rubi \u00e9 presa"},"content":{"rendered":"<p><img loading=\"lazy\" decoding=\"async\" class=\"alignleft size-thumbnail wp-image-103954\" src=\"https:\/\/migracao.redenoticia.com.br\/noticia\/imagens\/rubi-resumo-novela-capitulo-sbt-150x112.jpg\" alt=\"\" width=\"150\" height=\"112\" \/><strong><em>Resumo novela \u201cRubi\u201d 25\/04<\/em><\/strong>: no cap\u00edtulo 072(*) da novela \u201cRubi\u201d, resumo de ter\u00e7a-feira, 25 de abril, Alessandro diz ao pai que o advogado vai investigar o envolvimento de Rubi na morte se S\u00f4nia e se ficar provado que ela \u00e9 culpada ter\u00e1 que pagar pelo crime que cometeu. Heitor explica que Rubi procurou S\u00f4nia para tentar resolver o problema que lhes causou, diz que ela n\u00e3o teve nada a ver com a morte e garante que vai defend\u00ea-la. Rubi diz a Alessandro que tem muito que agradecer a Heitor por ter confiado nela. A mo\u00e7a diz ao rapaz que assim que conseguir provar sua inoc\u00eancia n\u00e3o pretende deixar Heitor para ficar com ele. Alessandro responde que mesmo que consiga provar sua inoc\u00eancia jamais voltaria com ela, pois j\u00e1 a tirou de seu cora\u00e7\u00e3o. Vit\u00f3ria aconselha Paco a ser mais flex\u00edvel com Lorena para que os dois possam ser felizes. Artur e Elisa comunicam a Maribel que pretendem se casar. Rubi \u00e9 presa. Alessandro chega \u00e0 delegacia no momento em que a mo\u00e7a est\u00e1 sendo interrogada.<\/p>\n<p>(*) edi\u00e7\u00e3o do SBT, Novela \u201cRubi\u201d, sujeito a altera\u00e7\u00e3o de data e conte\u00fado.<\/p>\n<p>Rubi \u00e9 uma telenovela mexicana produzida por Jos\u00e9 Alberto Castro para a Televisa e exibida pelo Canal de las Estrellas entre 17 de maio e 22 de outubro de 2004, sucedendo Amarte es mi pecado e antecedendo Apuesta por un amor em 115 capitulos de 40 minutos. Adaptada por Ximena Su\u00e1rez, \u00e9 um remake da telenovela mexicana Rubi, de 1968, criada por Yolanda Vargas Dulch\u00e9. Seis anos ap\u00f3s lan\u00e7amento de Rub\u00ed, a telenovela Teresa foi acusada de pl\u00e1gio. V\u00e1rios sites apontam semelhan\u00e7as entre as duas telenovelas. Barbara Mori, Eduardo Santamarina, Sebasti\u00e1n Rulli, Jacqueline Bracamontes, Manuel Landeta, Sergio Goyri, Carlos C\u00e1mara, Yadhira Carrillo, Miguel Pizarro, Jos\u00e9 El\u00edas Moreno, Luis Gatica, Paty D\u00edaz, Ingrid Martz e Ana Mart\u00edn interpretam os papeis principais da trama.<\/p>\n","protected":false},"excerpt":{"rendered":"<p>Resumo novela \u201cRubi\u201d 25\/04: no cap\u00edtulo 072(*) da novela \u201cRubi\u201d, resumo de ter\u00e7a-feira, 25 de abril, Alessandro diz ao pai que o advogado vai investigar o envolvimento de Rubi na morte se S\u00f4nia e se ficar provado que ela \u00e9 culpada ter\u00e1 que pagar pelo crime que cometeu. Heitor explica que Rubi procurou S\u00f4nia para [&hellip;]<\/p>\n","protected":false},"author":4,"featured_media":103954,"comment_status":"open","ping_status":"closed","sticky":false,"template":"","format":"standard","meta":{"tdm_status":"","tdm_grid_status":"","footnotes":""},"categories":[379,372,343],"tags":[441],"class_list":{"0":"post-111894","1":"post","2":"type-post","3":"status-publish","4":"format-standard","5":"has-post-thumbnail","7":"category-novelas","8":"category-sbt","9":"category-televisao","10":"tag-resumo-do-dia"},"_links":{"self":[{"href":"https:\/\/migracao.redenoticia.com.br\/noticia\/wp-json\/wp\/v2\/posts\/111894","targetHints":{"allow":["GET"]}}],"collection":[{"href":"https:\/\/migracao.redenoticia.com.br\/noticia\/wp-json\/wp\/v2\/posts"}],"about":[{"href":"https:\/\/migracao.redenoticia.com.br\/noticia\/wp-json\/wp\/v2\/types\/post"}],"author":[{"embeddable":true,"href":"https:\/\/migracao.redenoticia.com.br\/noticia\/wp-json\/wp\/v2\/users\/4"}],"replies":[{"embeddable":true,"href":"https:\/\/migracao.redenoticia.com.br\/noticia\/wp-json\/wp\/v2\/comments?post=111894"}],"version-history":[{"count":0,"href":"https:\/\/migracao.redenoticia.com.br\/noticia\/wp-json\/wp\/v2\/posts\/111894\/revisions"}],"wp:featuredmedia":[{"embeddable":true,"href":"https:\/\/migracao.redenoticia.com.br\/noticia\/wp-json\/wp\/v2\/media\/103954"}],"wp:attachment":[{"href":"https:\/\/migracao.redenoticia.com.br\/noticia\/wp-json\/wp\/v2\/media?parent=111894"}],"wp:term":[{"taxonomy":"category","embeddable":true,"href":"https:\/\/migracao.redenoticia.com.br\/noticia\/wp-json\/wp\/v2\/categories?post=111894"},{"taxonomy":"post_tag","embeddable":true,"href":"https:\/\/migracao.redenoticia.com.br\/noticia\/wp-json\/wp\/v2\/tags?post=111894"}],"curies":[{"name":"wp","href":"https:\/\/api.w.org\/{rel}","templated":true}]}}