{"id":111904,"date":"2017-04-24T16:32:00","date_gmt":"2017-04-24T19:32:00","guid":{"rendered":"https:\/\/www.redenoticia.com.br\/noticia\/?p=111904"},"modified":"2017-04-24T16:17:53","modified_gmt":"2017-04-24T19:17:53","slug":"resumo-novela-carinha-de-anjo-2504-cecilia-encontra-dulce-maria-desacordada","status":"publish","type":"post","link":"https:\/\/migracao.redenoticia.com.br\/noticia\/2017\/resumo-novela-carinha-de-anjo-2504-cecilia-encontra-dulce-maria-desacordada\/111904","title":{"rendered":"Resumo novela \u201cCarinha de Anjo\u201d 25\/04: Cec\u00edlia encontra Dulce Maria desacordada"},"content":{"rendered":"<p><img loading=\"lazy\" decoding=\"async\" class=\"alignleft size-thumbnail wp-image-99331\" src=\"https:\/\/migracao.redenoticia.com.br\/noticia\/imagens\/carinha_de_anjo_sbt_novela_resumo_capitulo-150x112.jpg\" alt=\"carinha_de_anjo_sbt_novela_resumo_capitulo\" width=\"150\" height=\"112\" srcset=\"https:\/\/migracao.redenoticia.com.br\/noticia\/imagens\/carinha_de_anjo_sbt_novela_resumo_capitulo-150x112.jpg 150w, https:\/\/migracao.redenoticia.com.br\/noticia\/imagens\/carinha_de_anjo_sbt_novela_resumo_capitulo-265x198.jpg 265w\" sizes=\"auto, (max-width: 150px) 100vw, 150px\" \/><strong><em>Resumo novela \u201cCarinha de Anjo\u201d 25\/04<\/em><\/strong>: no cap\u00edtulo 112(*) da novela \u201cCarinha de Anjo\u201d, resumo de ter\u00e7a-feira, 25 de abril, Dulce conversa com Miguel, Diana e In\u00e1cio. Fabiana e Cec\u00edlia avisam as meninas que a Madre autorizou todas a assistirem ao comercial de Dulce na casa de In\u00e1cio. Nicole vai at\u00e9 o col\u00e9gio para conversar com Dulce Maria. Silvana telefona para Nicole para fazerem uma alian\u00e7a e conseguir tirar Ver\u00f4nica da empresa de Gustavo. Madre Superiora conhece a Miguel e acha o menino obediente. Silvana e Franciely conversam e a sindica diz que ajudar\u00e1 a empregada a conquistar Ribeiro e que para isso far\u00e1 um jantar em sua casa, que contar\u00e1 tamb\u00e9m com a presen\u00e7a de Peixoto. Haydee conta para Fl\u00e1vio que Peixoto est\u00e1 investigando sobre a falsa assistente social e que se o delegado encontrar essa mulher, o filho estar\u00e1 encrencado. Haydee aconselha o Fl\u00e1vio a sair por um per\u00edodo da cidade. B\u00e1rbara e Frida veem Nicole e correm para Dulce para dizer que a m\u00e3e da pequenina voltou e est\u00e1 no col\u00e9gio. Dulce pensa se tratar de Tereza e sai pelo col\u00e9gio chamando a m\u00e3e. Fabiana \u00e9 ir\u00f4nica com Nicole, que fica irritada. Cec\u00edlia encontra Dulce Maria desacordada no p\u00e1tio do col\u00e9gio e chora ao pedir socorro. Estef\u00e2nia vai at\u00e9 a casa de F\u00e1tima para saber o motivo dela estar ausente. F\u00e1tima estava chorando ao lembrar da despedida de Fl\u00e1vio. Dulce Maria acorda e diz para Cec\u00edlia que n\u00e3o est\u00e1 sentindo o bra\u00e7o, al\u00e9m de dor de cabe\u00e7a. A carinha de anjo pergunta ainda se \u00e9 verdade que Tereza n\u00e3o morreu e est\u00e1 de volta.<\/p>\n<p>(*) edi\u00e7\u00e3o do SBT, Novela \u201cCarinha de Anjo\u201d, sujeito a altera\u00e7\u00e3o de data e conte\u00fado.<\/p>\n<p>Carinha de Anjo \u00e9 uma telenovela brasileira produzida e exibida originalmente pelo SBT desde o dia 21 de novembro de 2016, substituindo o hor\u00e1rio anteriormente ocupado por C\u00famplices de um Resgate. A telenovela \u00e9 inspirada na mexicana Carita de \u00e1ngel, que, por sua vez, \u00e9 um remake de Mundo de juguete, ambas produzidas pela Televisa e que haviam sido baseadas na trama argentina escrita por Abel Santa Cruz, Pap\u00e1 coraz\u00f3n. Esta ser\u00e1 a segunda adapta\u00e7\u00e3o brasileira da obra original argentina, visto que a Rede Tupi apresentou em 1976 a sua primeira vers\u00e3o, chamada de Papai Cora\u00e7\u00e3o. A nova vers\u00e3o \u00e9 escrita por Leonor Corr\u00eaa, com supervis\u00e3o de \u00cdris Abravanel e dire\u00e7\u00e3o geral de Ricardo Mantoanelli. A trama conta com Lorena Queiroz, Bia Arantes, Carlo Porto, Priscila Sol, Dani Gondim, Karin Hils, Eliana Guttman e Lucero nos pap\u00e9is principais.<\/p>\n","protected":false},"excerpt":{"rendered":"<p>Resumo novela \u201cCarinha de Anjo\u201d 25\/04: no cap\u00edtulo 112(*) da novela \u201cCarinha de Anjo\u201d, resumo de ter\u00e7a-feira, 25 de abril, Dulce conversa com Miguel, Diana e In\u00e1cio. Fabiana e Cec\u00edlia avisam as meninas que a Madre autorizou todas a assistirem ao comercial de Dulce na casa de In\u00e1cio. Nicole vai at\u00e9 o col\u00e9gio para conversar [&hellip;]<\/p>\n","protected":false},"author":4,"featured_media":99331,"comment_status":"open","ping_status":"closed","sticky":false,"template":"","format":"standard","meta":{"tdm_status":"","tdm_grid_status":"","footnotes":""},"categories":[452,379,372,343],"tags":[441],"class_list":{"0":"post-111904","1":"post","2":"type-post","3":"status-publish","4":"format-standard","5":"has-post-thumbnail","7":"category-carinha-de-anjo","8":"category-novelas","9":"category-sbt","10":"category-televisao","11":"tag-resumo-do-dia"},"_links":{"self":[{"href":"https:\/\/migracao.redenoticia.com.br\/noticia\/wp-json\/wp\/v2\/posts\/111904","targetHints":{"allow":["GET"]}}],"collection":[{"href":"https:\/\/migracao.redenoticia.com.br\/noticia\/wp-json\/wp\/v2\/posts"}],"about":[{"href":"https:\/\/migracao.redenoticia.com.br\/noticia\/wp-json\/wp\/v2\/types\/post"}],"author":[{"embeddable":true,"href":"https:\/\/migracao.redenoticia.com.br\/noticia\/wp-json\/wp\/v2\/users\/4"}],"replies":[{"embeddable":true,"href":"https:\/\/migracao.redenoticia.com.br\/noticia\/wp-json\/wp\/v2\/comments?post=111904"}],"version-history":[{"count":0,"href":"https:\/\/migracao.redenoticia.com.br\/noticia\/wp-json\/wp\/v2\/posts\/111904\/revisions"}],"wp:featuredmedia":[{"embeddable":true,"href":"https:\/\/migracao.redenoticia.com.br\/noticia\/wp-json\/wp\/v2\/media\/99331"}],"wp:attachment":[{"href":"https:\/\/migracao.redenoticia.com.br\/noticia\/wp-json\/wp\/v2\/media?parent=111904"}],"wp:term":[{"taxonomy":"category","embeddable":true,"href":"https:\/\/migracao.redenoticia.com.br\/noticia\/wp-json\/wp\/v2\/categories?post=111904"},{"taxonomy":"post_tag","embeddable":true,"href":"https:\/\/migracao.redenoticia.com.br\/noticia\/wp-json\/wp\/v2\/tags?post=111904"}],"curies":[{"name":"wp","href":"https:\/\/api.w.org\/{rel}","templated":true}]}}