{"id":111909,"date":"2017-04-24T16:33:15","date_gmt":"2017-04-24T19:33:15","guid":{"rendered":"https:\/\/www.redenoticia.com.br\/noticia\/?p=111909"},"modified":"2017-04-24T16:19:06","modified_gmt":"2017-04-24T19:19:06","slug":"resumo-novela-chiquititas-2504-thiago-e-o-novo-morador-do-raio-de-luz","status":"publish","type":"post","link":"https:\/\/migracao.redenoticia.com.br\/noticia\/2017\/resumo-novela-chiquititas-2504-thiago-e-o-novo-morador-do-raio-de-luz\/111909","title":{"rendered":"Resumo novela \u201cChiquititas\u201d 25\/04: Thiago \u00e9 o novo morador do Raio de Luz."},"content":{"rendered":"<p><img loading=\"lazy\" decoding=\"async\" class=\"alignleft size-thumbnail wp-image-49690\" src=\"https:\/\/migracao.redenoticia.com.br\/noticia\/imagens\/chiquititas1-150x112.jpg\" alt=\"chiquititas\" width=\"150\" height=\"112\" \/><strong><em>Resumo novela \u201cChiquititas\u201d 25\/04<\/em><\/strong>: no cap\u00edtulo 161(*) da novela \u201cChiquititas\u201d, resumo de ter\u00e7a-feira, 25 de abril, Mili avisa Matias que Vivi est\u00e1 esperando ele na pra\u00e7a. O pai de Matias aparece e pro\u00edbe que o garoto ande com Mili e encontre Vivi. Mili e Vivi v\u00e3o a mans\u00e3o de Duda e pedem ajuda. Cintia chega irritada ao orfanato Raio de Luz e pede para Carol arrumar o quarto dos meninos, pois receber\u00e3o um novo garoto no orfanato. Rafa, Binho e Mosca ficam animados. Matilde alerta Cintia sobre a c\u00e2mera e microfone na diretoria do orfanato. Cintia diz que sabia que Carmen seria capaz de fazer isso e que a partir de agora, toda a vez que forem falar do tesouro, dir\u00e3o infiltra\u00e7\u00e3o. As duas entram na diretoria e come\u00e7am a elogiar Carmen, que assiste a tudo e acredita nos elogios. Na mans\u00e3o dos Almeida Campos, Shirley Santana (Ol\u00edvia Ara\u00fajo), de Santana, que agora est\u00e1 trabalhando como manicure, vai cuidar das unhas de Carmen. Duda leva Mili at\u00e9 a escola de ingl\u00eas em que Matias estuda para lev\u00e1-lo para falar com Vivi. Na mans\u00e3o dos Almeida Campos, Eduarda vai visitar Carmen e se surpreende ao se deparar com Shirley fazendo as unhas dela. Eduarda explica que Shirley foi sua diarista. Shirley faz quest\u00e3o de dizer que se tornou manicure e consultora da Jequiti e que est\u00e1 muito bem. As duas se alfinetam e Shirley pergunta se Eduarda ainda est\u00e1 na \u2018pinda\u00edba\u2019. Eduarda desconversa e disfar\u00e7a para Carmen n\u00e3o perceber. Matias e Vivi se encontram no Orfanato, os dois conversam e se entendem. Matias perdoa Vivi. O pai do garoto aparece no orfanato enfurecido. Matias discute com o pai na frente de todos. A discuss\u00e3o continua mais tarde, na casa deles. Matias diz n\u00e3o querer mais a bolsa de estudos e tamb\u00e9m ir para os Estados Unidos. Anoitece, uma grande festa com bexigas e comidas est\u00e1 preparada no orfanato pra receber Thiago, novo morador do Raio de Luz. Junior chega com Thiago e apresenta todos do orfanato. O chiquitito \u00e9 bem recebido, inclusive por Fernando, que cada vez mais frequenta o orfanato. Thiago gosta do Raio de Luz e se mostra muito arteiro. Os meninos gostam, mas as meninas ficam incomodadas. No quarto dos meninos, Mosca, Rafa e Binho duvidam que Thiago seja filho do grande jogador Alexander Souza.<\/p>\n<p>(*) edi\u00e7\u00e3o do SBT, Novela \u201cChiquititas\u201d, sujeito a altera\u00e7\u00e3o de data e conte\u00fado.<\/p>\n<p>Chiquititas gira em torno do orfanato Raio de Luz, que carrega em sua hist\u00f3ria um grande segredo envolvendo a fam\u00edlia e o dono do orfanato, Dr. Jos\u00e9 Ricardo Almeida Campos. Em um per\u00edodo anterior \u00e0 novela, exatos treze anos, sua filha Gabriela se apaixonou e ficou gr\u00e1vida de Miguel, filho de Valentina, empregada da casa dos Almeida Campos. Pouco depois, Jos\u00e9 Ricardo sequestrou sua neta, pois, como um homem conservador, ele n\u00e3o aceitava a ideia de que sua filha se envolvesse com um empregado. Como sua neta, Milena, apelidada como Mili, precisava de um lugar para morar, ele comprou um casar\u00e3o e fundou um orfanato, o Raio de Luz. Mili cresceu l\u00e1 com outras garotas que chegaram posteriormente: Bia, Ana, as irm\u00e3s Tati e Vivi, e Cris. Ao decorrer dos anos, elas se tornam uma fam\u00edlia. Elas s\u00e3o supervisionadas por Ernestina, zeladora do orfanato, e Chico, o cozinheiro amado pelas internas. Sofia, ex-governanta da fam\u00edlia Almeida Campos, \u00e9 a diretora do lugar, at\u00e9 que Carmem, irm\u00e3 de Jos\u00e9 Ricardo, entre em seu lugar. Chegam ainda mais \u00f3rf\u00e3os: Pata, Mosca, Binho e Rafa, que viviam nas ruas antes de entrarem na institui\u00e7\u00e3o. Pata e Mili tornam-se amigas rapidamente, enquanto Mosca, Binho e Rafa s\u00e3o os primeiros garotos a entrar no abrigo. As crian\u00e7as sem-teto foram ajudadas por uma doce e bela garota que tocam e mudam a vida delas, assim como as das garotas \u00f3rf\u00e3s.<\/p>\n","protected":false},"excerpt":{"rendered":"<p>Resumo novela \u201cChiquititas\u201d 25\/04: no cap\u00edtulo 161(*) da novela \u201cChiquititas\u201d, resumo de ter\u00e7a-feira, 25 de abril, Mili avisa Matias que Vivi est\u00e1 esperando ele na pra\u00e7a. O pai de Matias aparece e pro\u00edbe que o garoto ande com Mili e encontre Vivi. Mili e Vivi v\u00e3o a mans\u00e3o de Duda e pedem ajuda. Cintia chega [&hellip;]<\/p>\n","protected":false},"author":4,"featured_media":49690,"comment_status":"open","ping_status":"closed","sticky":false,"template":"","format":"standard","meta":{"tdm_status":"","tdm_grid_status":"","footnotes":""},"categories":[409,379,372,343],"tags":[441],"class_list":{"0":"post-111909","1":"post","2":"type-post","3":"status-publish","4":"format-standard","5":"has-post-thumbnail","7":"category-chiquititas","8":"category-novelas","9":"category-sbt","10":"category-televisao","11":"tag-resumo-do-dia"},"_links":{"self":[{"href":"https:\/\/migracao.redenoticia.com.br\/noticia\/wp-json\/wp\/v2\/posts\/111909","targetHints":{"allow":["GET"]}}],"collection":[{"href":"https:\/\/migracao.redenoticia.com.br\/noticia\/wp-json\/wp\/v2\/posts"}],"about":[{"href":"https:\/\/migracao.redenoticia.com.br\/noticia\/wp-json\/wp\/v2\/types\/post"}],"author":[{"embeddable":true,"href":"https:\/\/migracao.redenoticia.com.br\/noticia\/wp-json\/wp\/v2\/users\/4"}],"replies":[{"embeddable":true,"href":"https:\/\/migracao.redenoticia.com.br\/noticia\/wp-json\/wp\/v2\/comments?post=111909"}],"version-history":[{"count":0,"href":"https:\/\/migracao.redenoticia.com.br\/noticia\/wp-json\/wp\/v2\/posts\/111909\/revisions"}],"wp:featuredmedia":[{"embeddable":true,"href":"https:\/\/migracao.redenoticia.com.br\/noticia\/wp-json\/wp\/v2\/media\/49690"}],"wp:attachment":[{"href":"https:\/\/migracao.redenoticia.com.br\/noticia\/wp-json\/wp\/v2\/media?parent=111909"}],"wp:term":[{"taxonomy":"category","embeddable":true,"href":"https:\/\/migracao.redenoticia.com.br\/noticia\/wp-json\/wp\/v2\/categories?post=111909"},{"taxonomy":"post_tag","embeddable":true,"href":"https:\/\/migracao.redenoticia.com.br\/noticia\/wp-json\/wp\/v2\/tags?post=111909"}],"curies":[{"name":"wp","href":"https:\/\/api.w.org\/{rel}","templated":true}]}}