{"id":111951,"date":"2017-04-26T00:07:55","date_gmt":"2017-04-26T03:07:55","guid":{"rendered":"https:\/\/www.redenoticia.com.br\/noticia\/?p=111951"},"modified":"2017-04-25T14:09:19","modified_gmt":"2017-04-25T17:09:19","slug":"abertas-as-inscricoes-para-o-mestrado-profissional-em-quimica-da-rede-profqui","status":"publish","type":"post","link":"https:\/\/migracao.redenoticia.com.br\/noticia\/2017\/abertas-as-inscricoes-para-o-mestrado-profissional-em-quimica-da-rede-profqui\/111951","title":{"rendered":"Abertas as inscri\u00e7\u00f5es para o Mestrado Profissional em Qu\u00edmica da Rede PROFQUI"},"content":{"rendered":"<p> Ag\u00eancia FAPESP \u2013 O Instituto de Qu\u00edmica (IQ) da Universidade Estadual Paulista (Unesp) em Araraquara est\u00e1 oferecendo sete vagas no \u00e2mbito do <strong><em>Mestrado Profissional em Qu\u00edmica<\/em><\/strong> em Rede Nacional (PROFQUI), com in\u00edcio no segundo semestre de 2017. O prazo de inscri\u00e7\u00e3o encerra em 26 de maio.<\/p>\n<p>O PROFQUI \u00e9 formado por uma rede de Institui\u00e7\u00f5es de Ensino Superior, no contexto da Universidade Aberta do Brasil\/Coordena\u00e7\u00e3o de Aperfei\u00e7oamento de Pessoal de N\u00edvel Superior (Capes), e coordenado pelo Instituto de Qu\u00edmica da Universidade Federal do Rio de Janeiro, tendo a cogest\u00e3o da Sociedade Brasileira de Qu\u00edmica (SBQ) e o apoio das Institui\u00e7\u00f5es Associadas.<\/p>\n<p>Trata-se de um programa de p\u00f3s-gradua\u00e7\u00e3o semipresencial, stricto sensu, na modalidade mestrado profissional na \u00e1rea de Qu\u00edmica com oferta nacional, reconhecido pelo Minist\u00e9rio da Educa\u00e7\u00e3o e conduzindo ao t\u00edtulo de Mestre em Qu\u00edmica. Tem como objetivo proporcionar forma\u00e7\u00e3o qu\u00edmica aprofundada e relevante ao exerc\u00edcio da doc\u00eancia no Ensino M\u00e9dio, visando dar ao egresso a qualifica\u00e7\u00e3o certificada para o exerc\u00edcio da profiss\u00e3o de professor de Qu\u00edmica.<\/p>\n<p>As aulas ir\u00e3o ocorrer \u00e0s quartas-feiras e sextas-feiras no per\u00edodo da tarde.<\/p>\n<p>Poder\u00e3o se inscrever candidatos que estejam em efetivo exerc\u00edcio de doc\u00eancia em Qu\u00edmica na educa\u00e7\u00e3o b\u00e1sica e sejam portadores de diplomas de gradua\u00e7\u00e3o em Licenciatura em Qu\u00edmica ou \u00e1reas afins, em cursos reconhecidos pelo Minist\u00e9rio da Educa\u00e7\u00e3o.<\/p>\n<p>Professores que estejam em efetivo exerc\u00edcio de doc\u00eancia em Qu\u00edmica na educa\u00e7\u00e3o b\u00e1sica da rede p\u00fablica de ensino poder\u00e3o concorrer \u00e0 bolsa de mestrado profissional da Capes.<\/p>\n<p>O ingresso no PROFQUI se dar\u00e1 exclusivamente por meio do Exame Nacional de Acesso. O Exame Nacional de Acesso ser\u00e1 coordenado pelo Conselho Gestor e pela Comiss\u00e3o de Sele\u00e7\u00e3o respons\u00e1vel por elaborar o caderno de quest\u00f5es.<\/p>\n<p>O Exame ser\u00e1 aplicado pela Comiss\u00e3o Acad\u00eamica Local de cada uma das Institui\u00e7\u00f5es Associadas ao PROFQUI. Como institui\u00e7\u00e3o associada, o Instituto de Qu\u00edmica ir\u00e1 aplicar o exame em suas depend\u00eancias no dia 18 de junho de 2017, das 09h00 \u00e0s 12h00, hor\u00e1rio oficial de Bras\u00edlia. O hor\u00e1rio limite para entrada nas salas do Exame \u00e9 08h30 min.<\/p>\n<p>Para maiores informa\u00e7\u00f5es os candidatos devem consultar o Edital PROFQUI &#8211; N\u00ba 176 de 12\/04\/2017 no site: .<\/p>\n<p>As inscri\u00e7\u00f5es devem ser feitas no site .<\/p>\n<p>O candidato dever\u00e1 fazer a inscri\u00e7\u00e3o on-line, no endere\u00e7o , e entregar no mesmo per\u00edodo os documentos (exigidos no Edital) na Se\u00e7\u00e3o T\u00e9cnica de P\u00f3s-Gradua\u00e7\u00e3o do IQ\/Unesp de Araraquara.<\/p>\n","protected":false},"excerpt":{"rendered":"<p>Ag\u00eancia FAPESP \u2013 O Instituto de Qu\u00edmica (IQ) da Universidade Estadual Paulista (Unesp) em Araraquara est\u00e1 oferecendo sete vagas no \u00e2mbito do Mestrado Profissional em Qu\u00edmica em Rede Nacional (PROFQUI), com in\u00edcio no segundo semestre de 2017. O prazo de inscri\u00e7\u00e3o encerra em 26 de maio. O PROFQUI \u00e9 formado por uma rede de Institui\u00e7\u00f5es [&hellip;]<\/p>\n","protected":false},"author":2,"featured_media":36246,"comment_status":"open","ping_status":"closed","sticky":false,"template":"","format":"standard","meta":{"tdm_status":"","tdm_grid_status":"","footnotes":""},"categories":[22,351,370],"tags":[],"class_list":{"0":"post-111951","1":"post","2":"type-post","3":"status-publish","4":"format-standard","5":"has-post-thumbnail","7":"category-brasil","8":"category-cursos","9":"category-inscricao"},"_links":{"self":[{"href":"https:\/\/migracao.redenoticia.com.br\/noticia\/wp-json\/wp\/v2\/posts\/111951","targetHints":{"allow":["GET"]}}],"collection":[{"href":"https:\/\/migracao.redenoticia.com.br\/noticia\/wp-json\/wp\/v2\/posts"}],"about":[{"href":"https:\/\/migracao.redenoticia.com.br\/noticia\/wp-json\/wp\/v2\/types\/post"}],"author":[{"embeddable":true,"href":"https:\/\/migracao.redenoticia.com.br\/noticia\/wp-json\/wp\/v2\/users\/2"}],"replies":[{"embeddable":true,"href":"https:\/\/migracao.redenoticia.com.br\/noticia\/wp-json\/wp\/v2\/comments?post=111951"}],"version-history":[{"count":0,"href":"https:\/\/migracao.redenoticia.com.br\/noticia\/wp-json\/wp\/v2\/posts\/111951\/revisions"}],"wp:featuredmedia":[{"embeddable":true,"href":"https:\/\/migracao.redenoticia.com.br\/noticia\/wp-json\/wp\/v2\/media\/36246"}],"wp:attachment":[{"href":"https:\/\/migracao.redenoticia.com.br\/noticia\/wp-json\/wp\/v2\/media?parent=111951"}],"wp:term":[{"taxonomy":"category","embeddable":true,"href":"https:\/\/migracao.redenoticia.com.br\/noticia\/wp-json\/wp\/v2\/categories?post=111951"},{"taxonomy":"post_tag","embeddable":true,"href":"https:\/\/migracao.redenoticia.com.br\/noticia\/wp-json\/wp\/v2\/tags?post=111951"}],"curies":[{"name":"wp","href":"https:\/\/api.w.org\/{rel}","templated":true}]}}