{"id":111966,"date":"2017-04-26T00:12:37","date_gmt":"2017-04-26T03:12:37","guid":{"rendered":"https:\/\/www.redenoticia.com.br\/noticia\/?p=111966"},"modified":"2017-04-25T14:13:36","modified_gmt":"2017-04-25T17:13:36","slug":"icesp-run-destaca-atividade-fisica-na-prevencao-do-cancer","status":"publish","type":"post","link":"https:\/\/migracao.redenoticia.com.br\/noticia\/2017\/icesp-run-destaca-atividade-fisica-na-prevencao-do-cancer\/111966","title":{"rendered":"Icesp Run destaca atividade f\u00edsica na preven\u00e7\u00e3o do c\u00e2ncer"},"content":{"rendered":"<p> O Instituto do C\u00e2ncer do Estado de S\u00e3o Paulo (Icesp) deu a largada para as inscri\u00e7\u00f5es da 3\u00aa edi\u00e7\u00e3o da \u201c<strong><em>Icesp Run<\/em><\/strong>\u201d, uma corrida e caminhada pela sa\u00fade. O evento acontecer\u00e1 no dia 21 de maio, \u00e0s 7h, na Pra\u00e7a Charles Miller, no Complexo Esportivo do Pacaembu. A expectativa \u00e9 que participem 3 mil \u201catletas\u201d. Para fazer a inscri\u00e7\u00e3o on-line clique\u00a0.<\/p>\n<p>Assim como no ano passado, a \u201cIcesp Run\u201d conta com percursos de 5k e 10k para corrida e caminhada de 5k. A ideia \u00e9 reunir todos os p\u00fablicos, desde os mais experientes at\u00e9 os iniciantes. As crian\u00e7as, entre 4 e 13 anos, tamb\u00e9m foram lembradas e poder\u00e3o correr em baterias especiais, valendo trof\u00e9u e medalhas.<\/p>\n<p>A prova \u00e9 beneficente e a verba das inscri\u00e7\u00f5es ser\u00e1 integralmente revertida para a promo\u00e7\u00e3o de projetos de assist\u00eancia, pesquisa e humaniza\u00e7\u00e3o, dentro do Icesp. \u00c9 poss\u00edvel se inscrever on-line pelo site .<\/p>\n<p>Al\u00e9m da preven\u00e7\u00e3o de outras doen\u00e7as, a atividade f\u00edsica regular tamb\u00e9m \u00e9 medida de preven\u00e7\u00e3o ao c\u00e2ncer. E, com os benef\u00edcios para o corpo e mente, \u00e9 uma importante aliada na recupera\u00e7\u00e3o e reabilita\u00e7\u00e3o dos pacientes. <\/p>\n<p>SERVI\u00c7O<br \/>\nIcesp Run<br \/>\nDia\u00a021 de maio, \u00e0s 7h<br \/>\nComplexo Esportivo do Pacaembu (Pra\u00e7a Charles Miller)<br \/>\nInscri\u00e7\u00f5es no site <\/p>\n<p>Do Portal do Governo SP<\/p>\n","protected":false},"excerpt":{"rendered":"<p>O Instituto do C\u00e2ncer do Estado de S\u00e3o Paulo (Icesp) deu a largada para as inscri\u00e7\u00f5es da 3\u00aa edi\u00e7\u00e3o da \u201cIcesp Run\u201d, uma corrida e caminhada pela sa\u00fade. O evento acontecer\u00e1 no dia 21 de maio, \u00e0s 7h, na Pra\u00e7a Charles Miller, no Complexo Esportivo do Pacaembu. A expectativa \u00e9 que participem 3 mil \u201catletas\u201d. [&hellip;]<\/p>\n","protected":false},"author":2,"featured_media":35093,"comment_status":"open","ping_status":"closed","sticky":false,"template":"","format":"standard","meta":{"tdm_status":"","tdm_grid_status":"","footnotes":""},"categories":[22,5],"tags":[],"class_list":{"0":"post-111966","1":"post","2":"type-post","3":"status-publish","4":"format-standard","5":"has-post-thumbnail","7":"category-brasil","8":"category-saude-e-vida"},"_links":{"self":[{"href":"https:\/\/migracao.redenoticia.com.br\/noticia\/wp-json\/wp\/v2\/posts\/111966","targetHints":{"allow":["GET"]}}],"collection":[{"href":"https:\/\/migracao.redenoticia.com.br\/noticia\/wp-json\/wp\/v2\/posts"}],"about":[{"href":"https:\/\/migracao.redenoticia.com.br\/noticia\/wp-json\/wp\/v2\/types\/post"}],"author":[{"embeddable":true,"href":"https:\/\/migracao.redenoticia.com.br\/noticia\/wp-json\/wp\/v2\/users\/2"}],"replies":[{"embeddable":true,"href":"https:\/\/migracao.redenoticia.com.br\/noticia\/wp-json\/wp\/v2\/comments?post=111966"}],"version-history":[{"count":0,"href":"https:\/\/migracao.redenoticia.com.br\/noticia\/wp-json\/wp\/v2\/posts\/111966\/revisions"}],"wp:featuredmedia":[{"embeddable":true,"href":"https:\/\/migracao.redenoticia.com.br\/noticia\/wp-json\/wp\/v2\/media\/35093"}],"wp:attachment":[{"href":"https:\/\/migracao.redenoticia.com.br\/noticia\/wp-json\/wp\/v2\/media?parent=111966"}],"wp:term":[{"taxonomy":"category","embeddable":true,"href":"https:\/\/migracao.redenoticia.com.br\/noticia\/wp-json\/wp\/v2\/categories?post=111966"},{"taxonomy":"post_tag","embeddable":true,"href":"https:\/\/migracao.redenoticia.com.br\/noticia\/wp-json\/wp\/v2\/tags?post=111966"}],"curies":[{"name":"wp","href":"https:\/\/api.w.org\/{rel}","templated":true}]}}