{"id":112047,"date":"2017-04-26T16:34:49","date_gmt":"2017-04-26T19:34:49","guid":{"rendered":"https:\/\/www.redenoticia.com.br\/noticia\/?p=112047"},"modified":"2017-04-26T14:18:15","modified_gmt":"2017-04-26T17:18:15","slug":"resumo-novela-chiquititas-2704-matilde-se-irrita-com-as-travessuras-de-thiago","status":"publish","type":"post","link":"https:\/\/migracao.redenoticia.com.br\/noticia\/2017\/resumo-novela-chiquititas-2704-matilde-se-irrita-com-as-travessuras-de-thiago\/112047","title":{"rendered":"Resumo novela \u201cChiquititas\u201d 27\/04: Matilde se irrita com as travessuras de Thiago"},"content":{"rendered":"<p><img loading=\"lazy\" decoding=\"async\" class=\"alignleft size-thumbnail wp-image-49690\" src=\"https:\/\/migracao.redenoticia.com.br\/noticia\/imagens\/chiquititas1-150x112.jpg\" alt=\"chiquititas\" width=\"150\" height=\"112\" \/><strong><em>Resumo novela \u201cChiquititas\u201d 27\/04<\/em><\/strong>: no cap\u00edtulo 163(*) da novela \u201cChiquititas\u201d, resumo de quinta-feira, 27 de abril, Thiago \u00e9 muito el\u00e9trico. O menino agradece a Junior. Na porta do orfanato, Fernando tenta conversar com Junior e diz que j\u00e1 que o rapaz est\u00e1 em outro relacionamento, ele passar\u00e1 a investir em Carol. Thiago apronta com as meninas do orfanato. Os meninos se divertem. Tobias diz para Beto que ir\u00e1 atr\u00e1s de seu grande amor. Tobias vai at\u00e9 a casa de Maria Cec\u00edlia e diz que n\u00e3o consegue mais viver sem ela. O rapaz se declara de forma t\u00e3o afobada que n\u00e3o percebe que Junior est\u00e1 sentado na sala. No orfanato, Thiago joga uma bombinha na mesa e provoca um princ\u00edpio de inc\u00eandio. Os adultos conseguem apagar o fogo. O menino leva bronca de todos. Tobias conta para Carol e Beto que Maria Cec\u00edlia disse estar feliz com Junior. Tobias chora muito e concorda com Beto em focar no trabalho como Tom\u00e1s Ferraz. Tobias pede apenas pra n\u00e3o fazer nenhuma parceria musical com a \u00c9rica. No orfanato, os meninos dormem e Thiago usa pasta de dente para sujar o rosto de Rafa, Mosca e Binho. O menino tamb\u00e9m espalha graxa na escova de cabelo das meninas e coloca um coc\u00f4 de mentira na cama das Chiquititas. Amanhece e os meninos ficam irritados ao perceberem a pasta de dente no rosto dos meninos. As Chiquitias tamb\u00e9m ficam enfurecidas ao perceber a travessura de Thiago. Antes de ir para a escola, as meninas tamb\u00e9m se atrasam, pois Thiago deu n\u00f3 no cadar\u00e7o do sapato delas. Matilde se irrita com as travessuras de Thiago.<\/p>\n<p>(*) edi\u00e7\u00e3o do SBT, Novela \u201cChiquititas\u201d, sujeito a altera\u00e7\u00e3o de data e conte\u00fado.<\/p>\n<p>Chiquititas gira em torno do orfanato Raio de Luz, que carrega em sua hist\u00f3ria um grande segredo envolvendo a fam\u00edlia e o dono do orfanato, Dr. Jos\u00e9 Ricardo Almeida Campos. Em um per\u00edodo anterior \u00e0 novela, exatos treze anos, sua filha Gabriela se apaixonou e ficou gr\u00e1vida de Miguel, filho de Valentina, empregada da casa dos Almeida Campos. Pouco depois, Jos\u00e9 Ricardo sequestrou sua neta, pois, como um homem conservador, ele n\u00e3o aceitava a ideia de que sua filha se envolvesse com um empregado. Como sua neta, Milena, apelidada como Mili, precisava de um lugar para morar, ele comprou um casar\u00e3o e fundou um orfanato, o Raio de Luz. Mili cresceu l\u00e1 com outras garotas que chegaram posteriormente: Bia, Ana, as irm\u00e3s Tati e Vivi, e Cris. Ao decorrer dos anos, elas se tornam uma fam\u00edlia. Elas s\u00e3o supervisionadas por Ernestina, zeladora do orfanato, e Chico, o cozinheiro amado pelas internas. Sofia, ex-governanta da fam\u00edlia Almeida Campos, \u00e9 a diretora do lugar, at\u00e9 que Carmem, irm\u00e3 de Jos\u00e9 Ricardo, entre em seu lugar. Chegam ainda mais \u00f3rf\u00e3os: Pata, Mosca, Binho e Rafa, que viviam nas ruas antes de entrarem na institui\u00e7\u00e3o. Pata e Mili tornam-se amigas rapidamente, enquanto Mosca, Binho e Rafa s\u00e3o os primeiros garotos a entrar no abrigo. As crian\u00e7as sem-teto foram ajudadas por uma doce e bela garota que tocam e mudam a vida delas, assim como as das garotas \u00f3rf\u00e3s.<\/p>\n","protected":false},"excerpt":{"rendered":"<p>Resumo novela \u201cChiquititas\u201d 27\/04: no cap\u00edtulo 163(*) da novela \u201cChiquititas\u201d, resumo de quinta-feira, 27 de abril, Thiago \u00e9 muito el\u00e9trico. O menino agradece a Junior. Na porta do orfanato, Fernando tenta conversar com Junior e diz que j\u00e1 que o rapaz est\u00e1 em outro relacionamento, ele passar\u00e1 a investir em Carol. Thiago apronta com as [&hellip;]<\/p>\n","protected":false},"author":4,"featured_media":49690,"comment_status":"open","ping_status":"closed","sticky":false,"template":"","format":"standard","meta":{"tdm_status":"","tdm_grid_status":"","footnotes":""},"categories":[409,379,372,343],"tags":[441],"class_list":{"0":"post-112047","1":"post","2":"type-post","3":"status-publish","4":"format-standard","5":"has-post-thumbnail","7":"category-chiquititas","8":"category-novelas","9":"category-sbt","10":"category-televisao","11":"tag-resumo-do-dia"},"_links":{"self":[{"href":"https:\/\/migracao.redenoticia.com.br\/noticia\/wp-json\/wp\/v2\/posts\/112047","targetHints":{"allow":["GET"]}}],"collection":[{"href":"https:\/\/migracao.redenoticia.com.br\/noticia\/wp-json\/wp\/v2\/posts"}],"about":[{"href":"https:\/\/migracao.redenoticia.com.br\/noticia\/wp-json\/wp\/v2\/types\/post"}],"author":[{"embeddable":true,"href":"https:\/\/migracao.redenoticia.com.br\/noticia\/wp-json\/wp\/v2\/users\/4"}],"replies":[{"embeddable":true,"href":"https:\/\/migracao.redenoticia.com.br\/noticia\/wp-json\/wp\/v2\/comments?post=112047"}],"version-history":[{"count":0,"href":"https:\/\/migracao.redenoticia.com.br\/noticia\/wp-json\/wp\/v2\/posts\/112047\/revisions"}],"wp:featuredmedia":[{"embeddable":true,"href":"https:\/\/migracao.redenoticia.com.br\/noticia\/wp-json\/wp\/v2\/media\/49690"}],"wp:attachment":[{"href":"https:\/\/migracao.redenoticia.com.br\/noticia\/wp-json\/wp\/v2\/media?parent=112047"}],"wp:term":[{"taxonomy":"category","embeddable":true,"href":"https:\/\/migracao.redenoticia.com.br\/noticia\/wp-json\/wp\/v2\/categories?post=112047"},{"taxonomy":"post_tag","embeddable":true,"href":"https:\/\/migracao.redenoticia.com.br\/noticia\/wp-json\/wp\/v2\/tags?post=112047"}],"curies":[{"name":"wp","href":"https:\/\/api.w.org\/{rel}","templated":true}]}}