{"id":112063,"date":"2017-04-27T00:05:03","date_gmt":"2017-04-27T03:05:03","guid":{"rendered":"https:\/\/www.redenoticia.com.br\/noticia\/?p=112063"},"modified":"2017-04-26T15:07:10","modified_gmt":"2017-04-26T18:07:10","slug":"unb-abre-inscricoes-para-vestibular-de-2017","status":"publish","type":"post","link":"https:\/\/migracao.redenoticia.com.br\/noticia\/2017\/unb-abre-inscricoes-para-vestibular-de-2017\/112063","title":{"rendered":"UnB abre inscri\u00e7\u00f5es para Vestibular de 2017"},"content":{"rendered":"<p>A Universidade de Bras\u00edlia (UnB) j\u00e1 est\u00e1 recebendo inscri\u00e7\u00f5es de interessados em concorrer no <em><strong>Vestibular<\/strong><\/em> de 2017 da Institui\u00e7\u00e3o. O prazo para confirmar a participa\u00e7\u00e3o vai at\u00e9 4 de maio e a solicita\u00e7\u00e3o deve ser feita no site , com o n\u00famero do CPF e com o envio de uma fotografia individual colorida do candidato. A taxa \u00e9 de R$ 150,00 para o participante \u2013 seja candidato ou treineiro.<\/p>\n<p>ISEN\u00c7\u00c3O \u2013 Existem duas possibilidades para a isen\u00e7\u00e3o do pagamento da taxa de inscri\u00e7\u00e3o. Estar\u00e1 isento o candidato definido como hipossuficiente, que tenha inscri\u00e7\u00e3o no Cadastro \u00danico para Programas Sociais do Governo Federal (Cad\u00danico) e for de fam\u00edlia de baixa renda, conforme Decreto informado em edital. Al\u00e9m disso, h\u00e1 isen\u00e7\u00e3o da taxa para aquele que comprovar ter, cumulativamente, renda familiar per capita igual ou inferior a um sal\u00e1rio m\u00ednimo e meio e ter cursado o ensino m\u00e9dio completo em escola da rede p\u00fablica ou como bolsista integral em escola da rede privada.<\/p>\n<p>O prazo para solicitar a isen\u00e7\u00e3o \u00e9 o mesmo das inscri\u00e7\u00f5es para todas as possibilidades. \u00c9 de extrema import\u00e2ncia que o candidato leia atentamente as regras sobre a isen\u00e7\u00e3o de taxa para verificar em qual situa\u00e7\u00e3o se encontra e providenciar a documenta\u00e7\u00e3o necess\u00e1ria, conforme as normas do edital.<\/p>\n<p>VAGAS \u2013 A UnB publicou o edital de abertura da sele\u00e7\u00e3o, com 2.105 vagas em 98 cursos de gradua\u00e7\u00e3o, na semana passada. As chances est\u00e3o distribu\u00eddas entre os campi Darcy Ribeiro (Plano Piloto), Ceil\u00e2ndia, Gama e Planaltina.<\/p>\n<p>A sele\u00e7\u00e3o utilizar\u00e1, mais uma vez, o Sistema Informatizado de Sele\u00e7\u00e3o para os Cursos de Gradua\u00e7\u00e3o da UnB (SISUnB). Nele, o candidato, ap\u00f3s a realiza\u00e7\u00e3o e corre\u00e7\u00e3o das provas, poder\u00e1 alterar sua pr\u00e9-op\u00e7\u00e3o de campus\/curso\/turno feita no momento da inscri\u00e7\u00e3o, visualizando seu desempenho nas provas e os argumentos m\u00ednimos e m\u00e1ximos de cada curso.<\/p>\n<p>A distribui\u00e7\u00e3o das oportunidades \u00e9 feita entre tr\u00eas sistemas de acesso: Universal, com 922 vagas, de Cotas para Negros, com 112 oportunidades, e de Cotas para Escolas P\u00fablicas, com outras 1.071 vagas.<\/p>\n<p>PROVAS \u2013 Os participantes do Vestibular ser\u00e3o avaliados por meio de provas de conhecimentos e de reda\u00e7\u00e3o em l\u00edngua portuguesa, previstas para ocorrer em dois dias de aplica\u00e7\u00e3o: 3 e 4 de junho. Os inscritos iniciam as provas \u00e0s 13h em ambos os dias. O Vestibular ser\u00e1 realizado nas cidades de Bras\u00edlia (DF), Brazl\u00e2ndia (DF), Ceil\u00e2ndia (DF), Gama (DF), Planaltina (DF), Sobradinho (DF), Taguatinga (DF), Formosa (GO), Goi\u00e2nia (GO), Valpara\u00edso (GO) e Uberl\u00e2ndia (MG).<\/p>\n<p>CONTATO<br \/>\nOutras informa\u00e7\u00f5es no site  ou na Central de Atendimento ao Candidato, de segunda a sexta, das 8h \u00e0s 19h \u2013 Campus Darcy Ribeiro, Sede do Cebraspe \u2013 pelo telefone (61) 3448 0100.<\/p>\n","protected":false},"excerpt":{"rendered":"<p>A Universidade de Bras\u00edlia (UnB) j\u00e1 est\u00e1 recebendo inscri\u00e7\u00f5es de interessados em concorrer no Vestibular de 2017 da Institui\u00e7\u00e3o. O prazo para confirmar a participa\u00e7\u00e3o vai at\u00e9 4 de maio e a solicita\u00e7\u00e3o deve ser feita no site , com o n\u00famero do CPF e com o envio de uma fotografia individual colorida do candidato. [&hellip;]<\/p>\n","protected":false},"author":2,"featured_media":34896,"comment_status":"open","ping_status":"closed","sticky":false,"template":"","format":"standard","meta":{"tdm_status":"","tdm_grid_status":"","footnotes":""},"categories":[22,370,295],"tags":[],"class_list":{"0":"post-112063","1":"post","2":"type-post","3":"status-publish","4":"format-standard","5":"has-post-thumbnail","7":"category-brasil","8":"category-inscricao","9":"category-vestibular"},"_links":{"self":[{"href":"https:\/\/migracao.redenoticia.com.br\/noticia\/wp-json\/wp\/v2\/posts\/112063","targetHints":{"allow":["GET"]}}],"collection":[{"href":"https:\/\/migracao.redenoticia.com.br\/noticia\/wp-json\/wp\/v2\/posts"}],"about":[{"href":"https:\/\/migracao.redenoticia.com.br\/noticia\/wp-json\/wp\/v2\/types\/post"}],"author":[{"embeddable":true,"href":"https:\/\/migracao.redenoticia.com.br\/noticia\/wp-json\/wp\/v2\/users\/2"}],"replies":[{"embeddable":true,"href":"https:\/\/migracao.redenoticia.com.br\/noticia\/wp-json\/wp\/v2\/comments?post=112063"}],"version-history":[{"count":0,"href":"https:\/\/migracao.redenoticia.com.br\/noticia\/wp-json\/wp\/v2\/posts\/112063\/revisions"}],"wp:featuredmedia":[{"embeddable":true,"href":"https:\/\/migracao.redenoticia.com.br\/noticia\/wp-json\/wp\/v2\/media\/34896"}],"wp:attachment":[{"href":"https:\/\/migracao.redenoticia.com.br\/noticia\/wp-json\/wp\/v2\/media?parent=112063"}],"wp:term":[{"taxonomy":"category","embeddable":true,"href":"https:\/\/migracao.redenoticia.com.br\/noticia\/wp-json\/wp\/v2\/categories?post=112063"},{"taxonomy":"post_tag","embeddable":true,"href":"https:\/\/migracao.redenoticia.com.br\/noticia\/wp-json\/wp\/v2\/tags?post=112063"}],"curies":[{"name":"wp","href":"https:\/\/api.w.org\/{rel}","templated":true}]}}