{"id":112090,"date":"2017-04-27T16:41:07","date_gmt":"2017-04-27T19:41:07","guid":{"rendered":"https:\/\/www.redenoticia.com.br\/noticia\/?p=112090"},"modified":"2017-04-28T16:06:59","modified_gmt":"2017-04-28T19:06:59","slug":"novela-ribeirao-do-tempo-resumo-2804-diana-pede-para-arminda-cuidar-dela","status":"publish","type":"post","link":"https:\/\/migracao.redenoticia.com.br\/noticia\/2017\/novela-ribeirao-do-tempo-resumo-2804-diana-pede-para-arminda-cuidar-dela\/112090","title":{"rendered":"Novela \u201cRibeir\u00e3o do Tempo\u201d resumo 28\/04: Nicolau manda Nasinho procurar Ferrolho"},"content":{"rendered":"<p> <img loading=\"lazy\" decoding=\"async\" src=\"https:\/\/migracao.redenoticia.com.br\/noticia\/imagens\/ribeirao_do_tempo_novela_record_resumo-150x112.jpg\" alt=\"\" width=\"150\" height=\"112\" class=\"alignleft size-thumbnail wp-image-108265\" srcset=\"https:\/\/migracao.redenoticia.com.br\/noticia\/imagens\/ribeirao_do_tempo_novela_record_resumo-150x112.jpg 150w, https:\/\/migracao.redenoticia.com.br\/noticia\/imagens\/ribeirao_do_tempo_novela_record_resumo-265x198.jpg 265w\" sizes=\"auto, (max-width: 150px) 100vw, 150px\" \/><strong><em>Novela \u201cRibeir\u00e3o do Tempo\u201d resumo 28\/04<\/em><\/strong>: no capitulo 039 (*) da novela \u201cRibeir\u00e3o do Tempo\u201d, sexta-feira, 28 de abril, Andr\u00e9 pede para S\u00e9rgio continuar dando cobertura para ele e para S\u00f4nia. A pedido de Arminda, a secret\u00e1ria tenta ligar para Joca, mas n\u00e3o consegue. Joca fala para L\u00e9ia que o celular dele pifou. Ellen pergunta a Guilherme se Carlos lida bem com a separa\u00e7\u00e3o dos pais. Guilherme responde, mas n\u00e3o d\u00e1 muita aten\u00e7\u00e3o \u00e0 m\u00e3e. Ellen liga para Newton e os dois marcam de se encontrarem. Quer\u00eancio conta a Alfredo e a Romeu que tem umas ideias sobre o que fazer com o quadro. Nervos\u00edssima, Eleonora pede para Teixeira agilizar tudo para que ela possa voltar para a Europa. Iara procura Virg\u00edlio e tenta encontrar alguma pista do que deseja descobrir, mas n\u00e3o acha nada. Nicolau manda Nasinho procurar Ferrolho, sujeito que foi preso porque pilotava avi\u00e3o para contrabandista. <\/p>\n<p>Karina v\u00ea Newton e Ellen juntos e fica intrigada. Arminda vai at\u00e9 a casa de Joca e L\u00e9ia se espanta ao v\u00ea-la. Arminda entra na casa de L\u00e9ia e olha tudo com ar superior. Ela diz a L\u00e9ia que vai esperar por Joca. L\u00e9ia diz a Arminda que se o assunto \u00e9 profissional,elas podem ir adiantando o expediente, pois ela \u00e9 assistente de Joca. Arminda afirma que n\u00e3o costuma tratar com subordinados. Ellen fala para Newton que vai contar o que est\u00e1 acontecendo entre eles para S\u00edlvio. Iara explica para S\u00edlvio que as despesas da pousada s\u00e3o muito maiores do que o faturamento. S\u00edlvio estranha. Arminda est\u00e1 indo embora quando Joca chega. A executiva revela ao detetive que pretende pedir a guarda de Diana at\u00e9 encontrar uma solu\u00e7\u00e3o para o caso dela. Joca promete ajud\u00e1-la se for preciso. Como sempre, Arminda desdenha de Joca. <\/p>\n<p>L\u00e9ia diz a Joca que ele n\u00e3o deveria aturar as grosserias de Arminda. Karina conta para Tito que viu Ellen entrando no carro de Newton. Tito pede para Karina n\u00e3o comentar isso com ningu\u00e9m. S\u00edlvio nota que Ellen est\u00e1 aflita e pergunta o que est\u00e1 acontecendo. Ela diz que est\u00e1 preocupada com a audi\u00eancia p\u00fablica. Arminda convence Eleonora a ir embora depois de resolver o caso do quadro. Nicolau deixa claro para L\u00edlian que ele \u00e9 quem sabe se vai ou n\u00e3o se casar com Arminda. Nicolau conta a Flores que est\u00e1 quase noivo de Arminda. Eleonora fala para Teixeira que embora ache uma bobagem acreditar em premoni\u00e7\u00e3o, sentiu que se n\u00e3o for embora logo, jamais vai sair de Ribeir\u00e3o. Como quem n\u00e3o quer nada, Virg\u00edlio pergunta a Newton e a S\u00edlvio se eles guardam o avi\u00e3o sempre no mesmo local.<\/p>\n<p>(*) edi\u00e7\u00e3o da Rede Record, Novela \u201cRibeir\u00e3o do Tempo\u201d, sujeito a altera\u00e7\u00e3o de data e conte\u00fado.<\/p>\n","protected":false},"excerpt":{"rendered":"<p>Novela \u201cRibeir\u00e3o do Tempo\u201d resumo 28\/04: no capitulo 039 (*) da novela \u201cRibeir\u00e3o do Tempo\u201d, sexta-feira, 28 de abril, Andr\u00e9 pede para S\u00e9rgio continuar dando cobertura para ele e para S\u00f4nia. A pedido de Arminda, a secret\u00e1ria tenta ligar para Joca, mas n\u00e3o consegue. Joca fala para L\u00e9ia que o celular dele pifou. Ellen pergunta [&hellip;]<\/p>\n","protected":false},"author":2,"featured_media":108265,"comment_status":"open","ping_status":"closed","sticky":false,"template":"","format":"standard","meta":{"tdm_status":"","tdm_grid_status":"","footnotes":""},"categories":[379,371,343],"tags":[441],"class_list":{"0":"post-112090","1":"post","2":"type-post","3":"status-publish","4":"format-standard","5":"has-post-thumbnail","7":"category-novelas","8":"category-rede-record","9":"category-televisao","10":"tag-resumo-do-dia"},"_links":{"self":[{"href":"https:\/\/migracao.redenoticia.com.br\/noticia\/wp-json\/wp\/v2\/posts\/112090","targetHints":{"allow":["GET"]}}],"collection":[{"href":"https:\/\/migracao.redenoticia.com.br\/noticia\/wp-json\/wp\/v2\/posts"}],"about":[{"href":"https:\/\/migracao.redenoticia.com.br\/noticia\/wp-json\/wp\/v2\/types\/post"}],"author":[{"embeddable":true,"href":"https:\/\/migracao.redenoticia.com.br\/noticia\/wp-json\/wp\/v2\/users\/2"}],"replies":[{"embeddable":true,"href":"https:\/\/migracao.redenoticia.com.br\/noticia\/wp-json\/wp\/v2\/comments?post=112090"}],"version-history":[{"count":0,"href":"https:\/\/migracao.redenoticia.com.br\/noticia\/wp-json\/wp\/v2\/posts\/112090\/revisions"}],"wp:featuredmedia":[{"embeddable":true,"href":"https:\/\/migracao.redenoticia.com.br\/noticia\/wp-json\/wp\/v2\/media\/108265"}],"wp:attachment":[{"href":"https:\/\/migracao.redenoticia.com.br\/noticia\/wp-json\/wp\/v2\/media?parent=112090"}],"wp:term":[{"taxonomy":"category","embeddable":true,"href":"https:\/\/migracao.redenoticia.com.br\/noticia\/wp-json\/wp\/v2\/categories?post=112090"},{"taxonomy":"post_tag","embeddable":true,"href":"https:\/\/migracao.redenoticia.com.br\/noticia\/wp-json\/wp\/v2\/tags?post=112090"}],"curies":[{"name":"wp","href":"https:\/\/api.w.org\/{rel}","templated":true}]}}