{"id":112098,"date":"2017-04-27T16:48:31","date_gmt":"2017-04-27T19:48:31","guid":{"rendered":"https:\/\/www.redenoticia.com.br\/noticia\/?p=112098"},"modified":"2017-04-28T21:56:39","modified_gmt":"2017-04-29T00:56:39","slug":"novela-o-rico-e-lazaro-resumo-2804-nebuzarada-ameaca-matias","status":"publish","type":"post","link":"https:\/\/migracao.redenoticia.com.br\/noticia\/2017\/novela-o-rico-e-lazaro-resumo-2804-nebuzarada-ameaca-matias\/112098","title":{"rendered":"Novela \u201cO Rico e L\u00e1zaro\u201d resumo 28\/04: Neusta manda Edissa se afastar de Joaquim"},"content":{"rendered":"<p> <img loading=\"lazy\" decoding=\"async\" src=\"https:\/\/migracao.redenoticia.com.br\/noticia\/imagens\/o_rico_e_o_lazaro_resumo_novela_record-150x112.jpg\" alt=\"\" width=\"150\" height=\"112\" class=\"alignleft size-thumbnail wp-image-107948\" srcset=\"https:\/\/migracao.redenoticia.com.br\/noticia\/imagens\/o_rico_e_o_lazaro_resumo_novela_record-150x112.jpg 150w, https:\/\/migracao.redenoticia.com.br\/noticia\/imagens\/o_rico_e_o_lazaro_resumo_novela_record-265x198.jpg 265w\" sizes=\"auto, (max-width: 150px) 100vw, 150px\" \/><strong><em>Novela \u201cO Rico e L\u00e1zaro\u201d resumo 28\/04<\/em><\/strong>: no capitulo 035(*) da novela \u201cO Rico e L\u00e1zaro\u201d, sexta-feira, 28 de abril, Asher foge e tanta chamar Lior, mas o menino n\u00e3o consegue fugir do desabamento. Shamiran fica irritado ao ver que Evil ainda n\u00e3o se recuperou. Rebeca pede perd\u00e3o aos pais. Asher consegue achar Lior e acaba o chamando de Benjamin. Neusta pede para Edissa se afastar de Joaquim. <\/p>\n<p>Zac fala de seu por Joana. Asher fala de seu passado com Lior. Joana e Asher sonham um com o outro. Evil come\u00e7a a se entender com Shamiran. Nabucodonosor avisa que precisa ter uma conversa com o filho. Aspenaz interrompe o rei e avisa que o pr\u00edncipe est\u00e1 cumprindo seu dever de homem. Joaquim avisa que n\u00e3o desistir\u00e1 de Edissa. Asher v\u00ea um escravo morrendo. Joaquim pede conselho a Daniel. <\/p>\n<p>Amitis pede para ouvir a m\u00fasica de Hurzabum. Zabaia discute com Shag-Shag. Em conversa com Nabonido, Nit\u00f3cris diz que chantagear\u00e1 Sammu-Ramat. Ilana avisa que visitar\u00e1 Zelfa. Asher \u00e9 pego de surpresa e acaba sendo atacado por Rato.<\/p>\n<p>(*) edi\u00e7\u00e3o da Rede Record, Novela \u201cO Rico e L\u00e1zaro\u201d, sujeito a altera\u00e7\u00e3o de data e conte\u00fado.<\/p>\n","protected":false},"excerpt":{"rendered":"<p>Novela \u201cO Rico e L\u00e1zaro\u201d resumo 28\/04: no capitulo 035(*) da novela \u201cO Rico e L\u00e1zaro\u201d, sexta-feira, 28 de abril, Asher foge e tanta chamar Lior, mas o menino n\u00e3o consegue fugir do desabamento. Shamiran fica irritado ao ver que Evil ainda n\u00e3o se recuperou. Rebeca pede perd\u00e3o aos pais. Asher consegue achar Lior e [&hellip;]<\/p>\n","protected":false},"author":2,"featured_media":107948,"comment_status":"open","ping_status":"closed","sticky":false,"template":"","format":"standard","meta":{"tdm_status":"","tdm_grid_status":"","footnotes":""},"categories":[379,371,343],"tags":[441],"class_list":{"0":"post-112098","1":"post","2":"type-post","3":"status-publish","4":"format-standard","5":"has-post-thumbnail","7":"category-novelas","8":"category-rede-record","9":"category-televisao","10":"tag-resumo-do-dia"},"_links":{"self":[{"href":"https:\/\/migracao.redenoticia.com.br\/noticia\/wp-json\/wp\/v2\/posts\/112098","targetHints":{"allow":["GET"]}}],"collection":[{"href":"https:\/\/migracao.redenoticia.com.br\/noticia\/wp-json\/wp\/v2\/posts"}],"about":[{"href":"https:\/\/migracao.redenoticia.com.br\/noticia\/wp-json\/wp\/v2\/types\/post"}],"author":[{"embeddable":true,"href":"https:\/\/migracao.redenoticia.com.br\/noticia\/wp-json\/wp\/v2\/users\/2"}],"replies":[{"embeddable":true,"href":"https:\/\/migracao.redenoticia.com.br\/noticia\/wp-json\/wp\/v2\/comments?post=112098"}],"version-history":[{"count":0,"href":"https:\/\/migracao.redenoticia.com.br\/noticia\/wp-json\/wp\/v2\/posts\/112098\/revisions"}],"wp:featuredmedia":[{"embeddable":true,"href":"https:\/\/migracao.redenoticia.com.br\/noticia\/wp-json\/wp\/v2\/media\/107948"}],"wp:attachment":[{"href":"https:\/\/migracao.redenoticia.com.br\/noticia\/wp-json\/wp\/v2\/media?parent=112098"}],"wp:term":[{"taxonomy":"category","embeddable":true,"href":"https:\/\/migracao.redenoticia.com.br\/noticia\/wp-json\/wp\/v2\/categories?post=112098"},{"taxonomy":"post_tag","embeddable":true,"href":"https:\/\/migracao.redenoticia.com.br\/noticia\/wp-json\/wp\/v2\/tags?post=112098"}],"curies":[{"name":"wp","href":"https:\/\/api.w.org\/{rel}","templated":true}]}}