{"id":112120,"date":"2017-04-28T00:02:03","date_gmt":"2017-04-28T03:02:03","guid":{"rendered":"https:\/\/www.redenoticia.com.br\/noticia\/?p=112120"},"modified":"2017-04-27T16:03:54","modified_gmt":"2017-04-27T19:03:54","slug":"engenharia-eletrica-da-unesp-em-ilha-solteira-abre-inscricoes-para-pos-graduacao","status":"publish","type":"post","link":"https:\/\/migracao.redenoticia.com.br\/noticia\/2017\/engenharia-eletrica-da-unesp-em-ilha-solteira-abre-inscricoes-para-pos-graduacao\/112120","title":{"rendered":"Engenharia El\u00e9trica da Unesp em Ilha Solteira abre inscri\u00e7\u00f5es para P\u00f3s-Gradua\u00e7\u00e3o"},"content":{"rendered":"<p> Ag\u00eancia FAPESP \u2013 O Programa de <em><strong>P\u00f3s-Gradua\u00e7\u00e3o em Engenharia El\u00e9trica<\/strong><\/em> da Universidade Estadual Paulista (Unesp) em Ilha Solteira abrir\u00e1 inscri\u00e7\u00f5es em 1\u00ba de maio para processo seletivo nos cursos de mestrado e doutorado para ingresso no 3\u00ba trimestre de 2017. O prazo encerra em 31 de maio.<\/p>\n<p>O Programa \u00e9 credenciado pela Coordena\u00e7\u00e3o de Aperfei\u00e7oamento de Pessoal de N\u00edvel Superior (Capes) com conceito 6.<\/p>\n<p>O Programa oferece 15 vagas para o mestrado e 12 para o doutorado nas seguintes linhas de pesquisa: Controle e Instrumenta\u00e7\u00e3o Eletr\u00f4nica e Sistemas de Energia El\u00e9trica.<\/p>\n<p>Para mais informa\u00e7\u00f5es acesse o .<\/p>\n<p>Outras informa\u00e7\u00f5es podem ser obtidas na Se\u00e7\u00e3o T\u00e9cnica de P\u00f3s-Gradua\u00e7\u00e3o da Faculdade de Engenharia &#8211; Unesp pelo telefone (18) 3743-1077 ou 3743-1902 ou e-mail stpg@adm.feis.unesp.br.<\/p>\n<p>Para informa\u00e7\u00f5es sobre o Programa acesse .<br \/>\n&#8212;<\/p>\n<p>Universidade Estadual Paulista J\u00falio de Mesquita Filho (UNESP) \u00e9 uma universidade p\u00fablica brasileira, com atua\u00e7\u00e3o no ensino, na pesquisa e na extens\u00e3o de servi\u00e7os \u00e0 comunidade. A institui\u00e7\u00e3o \u00e9 uma das quatro universidades mantidas pelo governo do estado de S\u00e3o Paulo, ao lado da Universidade de S\u00e3o Paulo (USP), Universidade Estadual de Campinas (Unicamp) e da Universidade Virtual do Estado de S\u00e3o Paulo (Univesp). A UNESP distingue-se das outras universidades estaduais por ter unidades em 24 munic\u00edpios do estado \u2014 21 campi no interior, um campus na cidade de S\u00e3o Paulo e um campus em S\u00e3o Vicente, o primeiro de uma universidade p\u00fablica no litoral paulista. Este modelo de universidade multicampi \u00e9 inspirado na estrutura da Universidade da Calif\u00f3rnia, nos Estados Unidos, que \u00e9 composta por 23 campi, criados entre os anos de 1857 e 2002.<\/p>\n","protected":false},"excerpt":{"rendered":"<p>Ag\u00eancia FAPESP \u2013 O Programa de P\u00f3s-Gradua\u00e7\u00e3o em Engenharia El\u00e9trica da Universidade Estadual Paulista (Unesp) em Ilha Solteira abrir\u00e1 inscri\u00e7\u00f5es em 1\u00ba de maio para processo seletivo nos cursos de mestrado e doutorado para ingresso no 3\u00ba trimestre de 2017. O prazo encerra em 31 de maio. O Programa \u00e9 credenciado pela Coordena\u00e7\u00e3o de Aperfei\u00e7oamento [&hellip;]<\/p>\n","protected":false},"author":2,"featured_media":28951,"comment_status":"open","ping_status":"closed","sticky":false,"template":"","format":"standard","meta":{"tdm_status":"","tdm_grid_status":"","footnotes":""},"categories":[22,351,370],"tags":[],"class_list":{"0":"post-112120","1":"post","2":"type-post","3":"status-publish","4":"format-standard","5":"has-post-thumbnail","7":"category-brasil","8":"category-cursos","9":"category-inscricao"},"_links":{"self":[{"href":"https:\/\/migracao.redenoticia.com.br\/noticia\/wp-json\/wp\/v2\/posts\/112120","targetHints":{"allow":["GET"]}}],"collection":[{"href":"https:\/\/migracao.redenoticia.com.br\/noticia\/wp-json\/wp\/v2\/posts"}],"about":[{"href":"https:\/\/migracao.redenoticia.com.br\/noticia\/wp-json\/wp\/v2\/types\/post"}],"author":[{"embeddable":true,"href":"https:\/\/migracao.redenoticia.com.br\/noticia\/wp-json\/wp\/v2\/users\/2"}],"replies":[{"embeddable":true,"href":"https:\/\/migracao.redenoticia.com.br\/noticia\/wp-json\/wp\/v2\/comments?post=112120"}],"version-history":[{"count":0,"href":"https:\/\/migracao.redenoticia.com.br\/noticia\/wp-json\/wp\/v2\/posts\/112120\/revisions"}],"wp:featuredmedia":[{"embeddable":true,"href":"https:\/\/migracao.redenoticia.com.br\/noticia\/wp-json\/wp\/v2\/media\/28951"}],"wp:attachment":[{"href":"https:\/\/migracao.redenoticia.com.br\/noticia\/wp-json\/wp\/v2\/media?parent=112120"}],"wp:term":[{"taxonomy":"category","embeddable":true,"href":"https:\/\/migracao.redenoticia.com.br\/noticia\/wp-json\/wp\/v2\/categories?post=112120"},{"taxonomy":"post_tag","embeddable":true,"href":"https:\/\/migracao.redenoticia.com.br\/noticia\/wp-json\/wp\/v2\/tags?post=112120"}],"curies":[{"name":"wp","href":"https:\/\/api.w.org\/{rel}","templated":true}]}}