{"id":112128,"date":"2017-04-28T00:05:06","date_gmt":"2017-04-28T03:05:06","guid":{"rendered":"https:\/\/www.redenoticia.com.br\/noticia\/?p=112128"},"modified":"2017-04-27T16:06:22","modified_gmt":"2017-04-27T19:06:22","slug":"doutorado-e-mestrado-em-sistemas-dinamicos-na-unicamp-com-bolsa-da-fapesp","status":"publish","type":"post","link":"https:\/\/migracao.redenoticia.com.br\/noticia\/2017\/doutorado-e-mestrado-em-sistemas-dinamicos-na-unicamp-com-bolsa-da-fapesp\/112128","title":{"rendered":"Doutorado e Mestrado em Sistemas Din\u00e2micos na Unicamp com Bolsa da FAPESP"},"content":{"rendered":"<p> Ag\u00eancia FAPESP \u2013 O Instituto de Matem\u00e1tica, Estat\u00edstica e Computa\u00e7\u00e3o Cient\u00edfica (IMECC) da Universidade Estadual de Campinas oferece oportunidades de <em><strong>bolsas de Doutorado e de Mestrado<\/strong><\/em> em Sistemas Din\u00e2micos, Teoria Erg\u00f3dica, Geometria e Probabilidade com Bolsa da FAPESP. O prazo de inscri\u00e7\u00e3o encerra em 30 de abril.<\/p>\n<p>As bolsas est\u00e3o vinculadas ao projeto \u201c\u201d, um Aux\u00edlio \u00e0 Pesquisa da FAPESP na modalidade Apoio a Jovens Pesquisadores em Centros Emergentes, que tem Christian Rodrigues como pesquisador respons\u00e1vel.<\/p>\n<p>O projeto visa estudar propriedades erg\u00f3dicas (estat\u00edsticas e geom\u00e9tricas) de sistemas din\u00e2micos empregando e desenvolvendo t\u00e9cnicas de Transporte \u00d3timo. Para mais informa\u00e7\u00f5es acesse: .<\/p>\n<p>Os t\u00f3picos de interesse incluem representa\u00e7\u00e3o de medidas, estabilidade estat\u00edstica e estoc\u00e1stica, teoria de transportes \u00f3timos, entre outros.<\/p>\n<p>A aceita\u00e7\u00e3o do aluno \u00e9 condicionada \u00e0 aprova\u00e7\u00e3o no processo seletivo na P\u00f3s-Gradua\u00e7\u00e3o do Departamento de Matem\u00e1tica Aplicada do Instituto.<\/p>\n<p>O edital tem dois per\u00edodos de inscri\u00e7\u00e3o. O primeiro, para ingresso no segundo semestre de 2017, encerra em 30 de abril. O segundo, para ingresso no primeiro semestre de 2018, encerra em 30 de setembro.<\/p>\n<p>O edital est\u00e1 dispon\u00edvel no endere\u00e7o: .<\/p>\n<p>Mais informa\u00e7\u00f5es podem ser obtidas diretamente com o pesquisador respons\u00e1vel no e-mail rodrigues@ime.unicamp.br.<\/p>\n<p>A oportunidade est\u00e1 publicada em .<\/p>\n<p>Para informa\u00e7\u00f5es sobre bolsas de mestrado acesse .<\/p>\n<p>As informa\u00e7\u00f5es sobre bolsas de doutorado est\u00e3o dispon\u00edveis em .<\/p>\n","protected":false},"excerpt":{"rendered":"<p>Ag\u00eancia FAPESP \u2013 O Instituto de Matem\u00e1tica, Estat\u00edstica e Computa\u00e7\u00e3o Cient\u00edfica (IMECC) da Universidade Estadual de Campinas oferece oportunidades de bolsas de Doutorado e de Mestrado em Sistemas Din\u00e2micos, Teoria Erg\u00f3dica, Geometria e Probabilidade com Bolsa da FAPESP. O prazo de inscri\u00e7\u00e3o encerra em 30 de abril. As bolsas est\u00e3o vinculadas ao projeto \u201c\u201d, um [&hellip;]<\/p>\n","protected":false},"author":2,"featured_media":37419,"comment_status":"open","ping_status":"closed","sticky":false,"template":"","format":"standard","meta":{"tdm_status":"","tdm_grid_status":"","footnotes":""},"categories":[22,351,370],"tags":[],"class_list":{"0":"post-112128","1":"post","2":"type-post","3":"status-publish","4":"format-standard","5":"has-post-thumbnail","7":"category-brasil","8":"category-cursos","9":"category-inscricao"},"_links":{"self":[{"href":"https:\/\/migracao.redenoticia.com.br\/noticia\/wp-json\/wp\/v2\/posts\/112128","targetHints":{"allow":["GET"]}}],"collection":[{"href":"https:\/\/migracao.redenoticia.com.br\/noticia\/wp-json\/wp\/v2\/posts"}],"about":[{"href":"https:\/\/migracao.redenoticia.com.br\/noticia\/wp-json\/wp\/v2\/types\/post"}],"author":[{"embeddable":true,"href":"https:\/\/migracao.redenoticia.com.br\/noticia\/wp-json\/wp\/v2\/users\/2"}],"replies":[{"embeddable":true,"href":"https:\/\/migracao.redenoticia.com.br\/noticia\/wp-json\/wp\/v2\/comments?post=112128"}],"version-history":[{"count":0,"href":"https:\/\/migracao.redenoticia.com.br\/noticia\/wp-json\/wp\/v2\/posts\/112128\/revisions"}],"wp:featuredmedia":[{"embeddable":true,"href":"https:\/\/migracao.redenoticia.com.br\/noticia\/wp-json\/wp\/v2\/media\/37419"}],"wp:attachment":[{"href":"https:\/\/migracao.redenoticia.com.br\/noticia\/wp-json\/wp\/v2\/media?parent=112128"}],"wp:term":[{"taxonomy":"category","embeddable":true,"href":"https:\/\/migracao.redenoticia.com.br\/noticia\/wp-json\/wp\/v2\/categories?post=112128"},{"taxonomy":"post_tag","embeddable":true,"href":"https:\/\/migracao.redenoticia.com.br\/noticia\/wp-json\/wp\/v2\/tags?post=112128"}],"curies":[{"name":"wp","href":"https:\/\/api.w.org\/{rel}","templated":true}]}}