{"id":112151,"date":"2017-04-27T16:35:19","date_gmt":"2017-04-27T19:35:19","guid":{"rendered":"https:\/\/www.redenoticia.com.br\/noticia\/?p=112151"},"modified":"2017-04-27T16:16:07","modified_gmt":"2017-04-27T19:16:07","slug":"resumo-novela-novo-mundo-2804-pedro-contrata-joaquim","status":"publish","type":"post","link":"https:\/\/migracao.redenoticia.com.br\/noticia\/2017\/resumo-novela-novo-mundo-2804-pedro-contrata-joaquim\/112151","title":{"rendered":"Resumo novela \u201cNovo Mundo\u201d 28\/04: Pedro contrata Joaquim"},"content":{"rendered":"<p><img loading=\"lazy\" decoding=\"async\" class=\"alignleft size-thumbnail wp-image-107950\" src=\"https:\/\/migracao.redenoticia.com.br\/noticia\/imagens\/novo_mundo_novela_resumo_globo-150x112.jpg\" alt=\"\" width=\"150\" height=\"112\" srcset=\"https:\/\/migracao.redenoticia.com.br\/noticia\/imagens\/novo_mundo_novela_resumo_globo-150x112.jpg 150w, https:\/\/migracao.redenoticia.com.br\/noticia\/imagens\/novo_mundo_novela_resumo_globo-265x198.jpg 265w\" sizes=\"auto, (max-width: 150px) 100vw, 150px\" \/><strong><em>Resumo novela \u201cNovo Mundo\u201d 28\/04<\/em><\/strong>: no cap\u00edtulo 033(*) da novela \u201cNovo Mundo\u201d, resumo de sexta-feira, 28 de abril, Pedro aceita empregar Joaquim. Anna estranha quando Thomas fala sobre seu pai como se o conhecesse. Leopoldina impede que Patr\u00edcio demita Lurdes e Dalva. Ubirajara se irrita com o comportamento de Piat\u00e3. Licurgo e Germana contam a Elvira seus planos de negociar pessoas escravizadas. Lib\u00e9rio desperta e Peter comemora. Pedro anuncia a contrata\u00e7\u00e3o de Joaquim como seu seguran\u00e7a pessoal e Thomas se enfurece. Domitila implora que Chala\u00e7a a leve para o Rio de Janeiro. Thomas exige que Elvira afaste Joaquim do pal\u00e1cio. Patr\u00edcio afirma que \u00e9 inimigo de Dalva. Leopoldina repreende Pedro por cortar a verba das doa\u00e7\u00f5es para a popula\u00e7\u00e3o. Thomas pede a ajuda de Anna para se aproximar de Pedro. Jacinto visita Thomas e Anna questiona a presen\u00e7a do homem em sua casa.<\/p>\n<p>(*) edi\u00e7\u00e3o da Rede Globo, Novela \u201cNovo Mundo\u201d, sujeito a altera\u00e7\u00e3o de data e conte\u00fado.<\/p>\n<p>Novo Mundo \u00e9 uma telenovela brasileira produzida pela Rede Globo. Escrita por Thereza Falc\u00e3o e Alessandro Marson, conta com dire\u00e7\u00e3o art\u00edstica de Vin\u00edcius Coimbra. Conta com as participa\u00e7\u00f5es de Isabelle Drummond, Chay Suede, Caio Castro, Let\u00edcia Colin, Leo Jaime, D\u00e9bora Olivieri, Rodrigo Simas, Giullia Buscacio, Vivianne Pasmanter, Guilherme Piva, R\u00f4mulo Estrela, Agatha Moreira, Luisa Micheletti, Gabriel Braga Nunes, e Ingrid Guimar\u00e3es<\/p>\n","protected":false},"excerpt":{"rendered":"<p>Resumo novela \u201cNovo Mundo\u201d 28\/04: no cap\u00edtulo 033(*) da novela \u201cNovo Mundo\u201d, resumo de sexta-feira, 28 de abril, Pedro aceita empregar Joaquim. Anna estranha quando Thomas fala sobre seu pai como se o conhecesse. Leopoldina impede que Patr\u00edcio demita Lurdes e Dalva. Ubirajara se irrita com o comportamento de Piat\u00e3. Licurgo e Germana contam a [&hellip;]<\/p>\n","protected":false},"author":4,"featured_media":107950,"comment_status":"open","ping_status":"closed","sticky":false,"template":"","format":"standard","meta":{"tdm_status":"","tdm_grid_status":"","footnotes":""},"categories":[379,375,343],"tags":[441],"class_list":{"0":"post-112151","1":"post","2":"type-post","3":"status-publish","4":"format-standard","5":"has-post-thumbnail","7":"category-novelas","8":"category-rede-globo","9":"category-televisao","10":"tag-resumo-do-dia"},"_links":{"self":[{"href":"https:\/\/migracao.redenoticia.com.br\/noticia\/wp-json\/wp\/v2\/posts\/112151","targetHints":{"allow":["GET"]}}],"collection":[{"href":"https:\/\/migracao.redenoticia.com.br\/noticia\/wp-json\/wp\/v2\/posts"}],"about":[{"href":"https:\/\/migracao.redenoticia.com.br\/noticia\/wp-json\/wp\/v2\/types\/post"}],"author":[{"embeddable":true,"href":"https:\/\/migracao.redenoticia.com.br\/noticia\/wp-json\/wp\/v2\/users\/4"}],"replies":[{"embeddable":true,"href":"https:\/\/migracao.redenoticia.com.br\/noticia\/wp-json\/wp\/v2\/comments?post=112151"}],"version-history":[{"count":0,"href":"https:\/\/migracao.redenoticia.com.br\/noticia\/wp-json\/wp\/v2\/posts\/112151\/revisions"}],"wp:featuredmedia":[{"embeddable":true,"href":"https:\/\/migracao.redenoticia.com.br\/noticia\/wp-json\/wp\/v2\/media\/107950"}],"wp:attachment":[{"href":"https:\/\/migracao.redenoticia.com.br\/noticia\/wp-json\/wp\/v2\/media?parent=112151"}],"wp:term":[{"taxonomy":"category","embeddable":true,"href":"https:\/\/migracao.redenoticia.com.br\/noticia\/wp-json\/wp\/v2\/categories?post=112151"},{"taxonomy":"post_tag","embeddable":true,"href":"https:\/\/migracao.redenoticia.com.br\/noticia\/wp-json\/wp\/v2\/tags?post=112151"}],"curies":[{"name":"wp","href":"https:\/\/api.w.org\/{rel}","templated":true}]}}