{"id":112206,"date":"2017-04-28T16:47:23","date_gmt":"2017-04-28T19:47:23","guid":{"rendered":"https:\/\/www.redenoticia.com.br\/noticia\/?p=112206"},"modified":"2017-04-28T15:32:01","modified_gmt":"2017-04-28T18:32:01","slug":"resumo-novela-novo-mundo-2804-anna-pede-que-joaquim-se-afaste-dela","status":"publish","type":"post","link":"https:\/\/migracao.redenoticia.com.br\/noticia\/2017\/resumo-novela-novo-mundo-2804-anna-pede-que-joaquim-se-afaste-dela\/112206","title":{"rendered":"Resumo novela \u201cNovo Mundo\u201d 28\/04: Anna pede que Joaquim se afaste dela"},"content":{"rendered":"<p><img loading=\"lazy\" decoding=\"async\" class=\"alignleft size-thumbnail wp-image-107950\" src=\"https:\/\/migracao.redenoticia.com.br\/noticia\/imagens\/novo_mundo_novela_resumo_globo-150x112.jpg\" alt=\"\" width=\"150\" height=\"112\" srcset=\"https:\/\/migracao.redenoticia.com.br\/noticia\/imagens\/novo_mundo_novela_resumo_globo-150x112.jpg 150w, https:\/\/migracao.redenoticia.com.br\/noticia\/imagens\/novo_mundo_novela_resumo_globo-265x198.jpg 265w\" sizes=\"auto, (max-width: 150px) 100vw, 150px\" \/><strong><em>Resumo novela \u201cNovo Mundo\u201d 28\/04<\/em><\/strong>: no cap\u00edtulo 034(*) da novela \u201cNovo Mundo\u201d, resumo de sexta-feira, 28 de abril, Thomas disfar\u00e7a a presen\u00e7a de Jacinto para Anna e exige que o homem se mantenha longe de Joaquim. Leopoldina decide dormir em quarto separado de Pedro. Os Tucar\u00e9 chegam \u00e0s suas novas terras. Ubirajara e Jacira preparam Piat\u00e3 para viver como \u00edndio. Chala\u00e7a amea\u00e7a Fel\u00edcio, que garante que Domitila acabar\u00e1 com sua vida. Peter demonstra interesse pelo caso de Am\u00e1lia e Cec\u00edlia se anima. Joaquim se muda com Elvira e Quinzinho. Chala\u00e7a desconfia das inten\u00e7\u00f5es de Domitila. Com a ajuda de Anna, Leopoldina organiza uma festa beneficente. Pedro sofre com a rejei\u00e7\u00e3o de Leopoldina. Anna pede que Joaquim se afaste dela. Anna descobre que Dom Pedro censurou partes de seu livro.<\/p>\n<p>(*) edi\u00e7\u00e3o da Rede Globo, Novela \u201cNovo Mundo\u201d, sujeito a altera\u00e7\u00e3o de data e conte\u00fado.<\/p>\n<p>Novo Mundo \u00e9 uma telenovela brasileira produzida pela Rede Globo. Escrita por Thereza Falc\u00e3o e Alessandro Marson, conta com dire\u00e7\u00e3o art\u00edstica de Vin\u00edcius Coimbra. Conta com as participa\u00e7\u00f5es de Isabelle Drummond, Chay Suede, Caio Castro, Let\u00edcia Colin, Leo Jaime, D\u00e9bora Olivieri, Rodrigo Simas, Giullia Buscacio, Vivianne Pasmanter, Guilherme Piva, R\u00f4mulo Estrela, Agatha Moreira, Luisa Micheletti, Gabriel Braga Nunes, e Ingrid Guimar\u00e3es.<\/p>\n","protected":false},"excerpt":{"rendered":"<p>Resumo novela \u201cNovo Mundo\u201d 28\/04: no cap\u00edtulo 034(*) da novela \u201cNovo Mundo\u201d, resumo de sexta-feira, 28 de abril, Thomas disfar\u00e7a a presen\u00e7a de Jacinto para Anna e exige que o homem se mantenha longe de Joaquim. Leopoldina decide dormir em quarto separado de Pedro. Os Tucar\u00e9 chegam \u00e0s suas novas terras. Ubirajara e Jacira preparam [&hellip;]<\/p>\n","protected":false},"author":4,"featured_media":107950,"comment_status":"open","ping_status":"closed","sticky":false,"template":"","format":"standard","meta":{"tdm_status":"","tdm_grid_status":"","footnotes":""},"categories":[379,375,343],"tags":[441],"class_list":{"0":"post-112206","1":"post","2":"type-post","3":"status-publish","4":"format-standard","5":"has-post-thumbnail","7":"category-novelas","8":"category-rede-globo","9":"category-televisao","10":"tag-resumo-do-dia"},"_links":{"self":[{"href":"https:\/\/migracao.redenoticia.com.br\/noticia\/wp-json\/wp\/v2\/posts\/112206","targetHints":{"allow":["GET"]}}],"collection":[{"href":"https:\/\/migracao.redenoticia.com.br\/noticia\/wp-json\/wp\/v2\/posts"}],"about":[{"href":"https:\/\/migracao.redenoticia.com.br\/noticia\/wp-json\/wp\/v2\/types\/post"}],"author":[{"embeddable":true,"href":"https:\/\/migracao.redenoticia.com.br\/noticia\/wp-json\/wp\/v2\/users\/4"}],"replies":[{"embeddable":true,"href":"https:\/\/migracao.redenoticia.com.br\/noticia\/wp-json\/wp\/v2\/comments?post=112206"}],"version-history":[{"count":0,"href":"https:\/\/migracao.redenoticia.com.br\/noticia\/wp-json\/wp\/v2\/posts\/112206\/revisions"}],"wp:featuredmedia":[{"embeddable":true,"href":"https:\/\/migracao.redenoticia.com.br\/noticia\/wp-json\/wp\/v2\/media\/107950"}],"wp:attachment":[{"href":"https:\/\/migracao.redenoticia.com.br\/noticia\/wp-json\/wp\/v2\/media?parent=112206"}],"wp:term":[{"taxonomy":"category","embeddable":true,"href":"https:\/\/migracao.redenoticia.com.br\/noticia\/wp-json\/wp\/v2\/categories?post=112206"},{"taxonomy":"post_tag","embeddable":true,"href":"https:\/\/migracao.redenoticia.com.br\/noticia\/wp-json\/wp\/v2\/tags?post=112206"}],"curies":[{"name":"wp","href":"https:\/\/api.w.org\/{rel}","templated":true}]}}