{"id":112208,"date":"2017-04-28T16:48:05","date_gmt":"2017-04-28T19:48:05","guid":{"rendered":"https:\/\/www.redenoticia.com.br\/noticia\/?p=112208"},"modified":"2017-04-28T15:32:12","modified_gmt":"2017-04-28T18:32:12","slug":"resumo-novela-rock-story-2904-zac-fica-arrasado-ao-saber-que-a-mae-nao-o-procurou","status":"publish","type":"post","link":"https:\/\/migracao.redenoticia.com.br\/noticia\/2017\/resumo-novela-rock-story-2904-zac-fica-arrasado-ao-saber-que-a-mae-nao-o-procurou\/112208","title":{"rendered":"Resumo novela \u201cRock Story\u201d 29\/04: Zac fica arrasado ao saber que a m\u00e3e n\u00e3o o procurou"},"content":{"rendered":"<p><img loading=\"lazy\" decoding=\"async\" class=\"alignleft size-thumbnail wp-image-97429\" src=\"https:\/\/migracao.redenoticia.com.br\/noticia\/imagens\/logo_rock_story-150x112.jpg\" alt=\"logo_rock_story\" width=\"150\" height=\"112\" srcset=\"https:\/\/migracao.redenoticia.com.br\/noticia\/imagens\/logo_rock_story-150x112.jpg 150w, https:\/\/migracao.redenoticia.com.br\/noticia\/imagens\/logo_rock_story-265x198.jpg 265w\" sizes=\"auto, (max-width: 150px) 100vw, 150px\" \/><strong><em>Resumo novela \u201cRock Story\u201d 29\/04<\/em><\/strong>: no cap\u00edtulo 148(*) da novela \u201cRock Story\u201d, resumo de s\u00e1bado, 29 de abril, Edith resolve dan\u00e7ar no Rebola Embola com Glenda. L\u00e9o sugere que ele e Manu fa\u00e7am um show em Mesquita. Manu afirma a L\u00e1zaro que n\u00e3o deixar\u00e1 L\u00e9o ficar com Stefany. Marisa preocupa Romildo e William ao garantir que descobrir\u00e1 o segredo do caderno de Alex. Zac diz a Gui que emprestar\u00e1 o apartamento da m\u00e3e para Ja\u00edlson morar com os irm\u00e3os. Yasmin garante a N\u00e9ia e L\u00e9o que \u00e9 apenas amiga de Tiago. Diana vai para um SPA e deixa Chiara na gravadora. Zac fica arrasado ao saber que a m\u00e3e esteve no Rio de Janeiro e n\u00e3o o procurou.<\/p>\n<p>(*) edi\u00e7\u00e3o da Rede Globo, Novela \u201cRock Story\u201d, sujeito a altera\u00e7\u00e3o de data e conte\u00fado.<\/p>\n<p>Rock Story \u00e9 uma telenovela brasileira produzida pela Rede Globo, para o hor\u00e1rio das 19 horas, com estreia em 9 de novembro de 2016, substituindo Haja Cora\u00e7\u00e3o. Escrita por Maria Helena Nascimento, com supervis\u00e3o de texto de Ricardo Linhares, \u00e9 escrita com a colabora\u00e7\u00e3o de \u00c2ngela Chaves, Cl\u00e1udio Lisboa, Chico Soares e Daisy Chaves, com dire\u00e7\u00e3o geral de Maria de M\u00e9dicis e dire\u00e7\u00e3o art\u00edstica de Dennis Carvalho. Conta com as participa\u00e7\u00f5es de Vladimir Brichta, Nathalia Dill, Alinne Moraes, Rafael Vitti, Jo\u00e3o de Castro, Viviane Ara\u00fajo, Nicolas Prattes e Caio Paduan. <\/p>\n","protected":false},"excerpt":{"rendered":"<p>Resumo novela \u201cRock Story\u201d 29\/04: no cap\u00edtulo 148(*) da novela \u201cRock Story\u201d, resumo de s\u00e1bado, 29 de abril, Edith resolve dan\u00e7ar no Rebola Embola com Glenda. L\u00e9o sugere que ele e Manu fa\u00e7am um show em Mesquita. Manu afirma a L\u00e1zaro que n\u00e3o deixar\u00e1 L\u00e9o ficar com Stefany. Marisa preocupa Romildo e William ao garantir [&hellip;]<\/p>\n","protected":false},"author":4,"featured_media":97429,"comment_status":"open","ping_status":"closed","sticky":false,"template":"","format":"standard","meta":{"tdm_status":"","tdm_grid_status":"","footnotes":""},"categories":[379,375,343],"tags":[441],"class_list":{"0":"post-112208","1":"post","2":"type-post","3":"status-publish","4":"format-standard","5":"has-post-thumbnail","7":"category-novelas","8":"category-rede-globo","9":"category-televisao","10":"tag-resumo-do-dia"},"_links":{"self":[{"href":"https:\/\/migracao.redenoticia.com.br\/noticia\/wp-json\/wp\/v2\/posts\/112208","targetHints":{"allow":["GET"]}}],"collection":[{"href":"https:\/\/migracao.redenoticia.com.br\/noticia\/wp-json\/wp\/v2\/posts"}],"about":[{"href":"https:\/\/migracao.redenoticia.com.br\/noticia\/wp-json\/wp\/v2\/types\/post"}],"author":[{"embeddable":true,"href":"https:\/\/migracao.redenoticia.com.br\/noticia\/wp-json\/wp\/v2\/users\/4"}],"replies":[{"embeddable":true,"href":"https:\/\/migracao.redenoticia.com.br\/noticia\/wp-json\/wp\/v2\/comments?post=112208"}],"version-history":[{"count":0,"href":"https:\/\/migracao.redenoticia.com.br\/noticia\/wp-json\/wp\/v2\/posts\/112208\/revisions"}],"wp:featuredmedia":[{"embeddable":true,"href":"https:\/\/migracao.redenoticia.com.br\/noticia\/wp-json\/wp\/v2\/media\/97429"}],"wp:attachment":[{"href":"https:\/\/migracao.redenoticia.com.br\/noticia\/wp-json\/wp\/v2\/media?parent=112208"}],"wp:term":[{"taxonomy":"category","embeddable":true,"href":"https:\/\/migracao.redenoticia.com.br\/noticia\/wp-json\/wp\/v2\/categories?post=112208"},{"taxonomy":"post_tag","embeddable":true,"href":"https:\/\/migracao.redenoticia.com.br\/noticia\/wp-json\/wp\/v2\/tags?post=112208"}],"curies":[{"name":"wp","href":"https:\/\/api.w.org\/{rel}","templated":true}]}}