{"id":112242,"date":"2017-04-29T14:31:33","date_gmt":"2017-04-29T17:31:33","guid":{"rendered":"https:\/\/www.redenoticia.com.br\/noticia\/?p=112242"},"modified":"2017-04-29T14:27:45","modified_gmt":"2017-04-29T17:27:45","slug":"resumo-novela-a-forca-do-querer-0105-cibele-decide-perdoar-ruy","status":"publish","type":"post","link":"https:\/\/migracao.redenoticia.com.br\/noticia\/2017\/resumo-novela-a-forca-do-querer-0105-cibele-decide-perdoar-ruy\/112242","title":{"rendered":"Resumo novela \u201cA For\u00e7a do Querer\u201d 01\/05: Cibele decide perdoar Ruy"},"content":{"rendered":"<p> <img loading=\"lazy\" decoding=\"async\" src=\"https:\/\/migracao.redenoticia.com.br\/noticia\/imagens\/a-forca-do-querer-novela-resumo-globo-150x112.jpg\" alt=\"\" width=\"150\" height=\"112\" class=\"alignleft size-thumbnail wp-image-110103\" srcset=\"https:\/\/migracao.redenoticia.com.br\/noticia\/imagens\/a-forca-do-querer-novela-resumo-globo-150x112.jpg 150w, https:\/\/migracao.redenoticia.com.br\/noticia\/imagens\/a-forca-do-querer-novela-resumo-globo-265x198.jpg 265w\" sizes=\"auto, (max-width: 150px) 100vw, 150px\" \/><strong><em>Resumo novela \u201cA For\u00e7a do Querer\u201d 01\/05<\/em><\/strong>: no cap\u00edtulo 025(*) da novela \u201cA For\u00e7a do Querer\u201d, resumo de segunda-feira, 01 de maio, Bibi defende Ritinha e Joyce se irrita. Anita critica Cibele por acabar com seu casamento. Eug\u00eanio repreende Ruy. Edinalva \u00e9 impedida de entrar na empresa C.Garcia. Joyce discute com Silvana sobre a decis\u00e3o de Eug\u00eanio para o caso de Ruy. Abel comenta com Nazar\u00e9 que falar\u00e1 com a advogada para entrar com o pedido de div\u00f3rcio do filho. Zeca troca mensagens com Jeiza. Nazar\u00e9 teme pelo namoro do sobrinho. Ivana questiona Joyce sobre sua discuss\u00e3o com Silvana. Eug\u00eanio acerta com Heleninha os detalhes da hospedagem de Ritinha. Bibi garante a Ritinha que ir\u00e1 ajud\u00e1-la. Eurico decide conversar com Edinalva. Cibele pensa em sair do pa\u00eds. Caio briga com Eurico por causa de Edinalva. Irene faz uma pesquisa sobre Eug\u00eanio e sua fam\u00edlia. Zeca e Jeiza dan\u00e7am carimb\u00f3 no bar de Nazar\u00e9. Ruy liga para Ritinha. Cibele decide perdoar Ruy.<\/p>\n<p>(*) edi\u00e7\u00e3o da Rede Globo, Novela \u201cA For\u00e7a do Querer\u201d, sujeito a altera\u00e7\u00e3o de data e conte\u00fado.<\/p>\n<p>A For\u00e7a do Querer \u00e9 uma telenovela brasileira produzida e exibida pela Rede Globo. Promissor advogado, Caio \u00e9 cogitado para administrar a Garcia, uma das maiores empresas do pa\u00eds, por\u00e9m, quando Bibi decide terminar o relacionamento, deixa tudo para tr\u00e1s e parte rumo aos Estados Unidos. 15 anos depois, retorna ao Brasil num grande cargo no Judici\u00e1rio e acaba por reencontrar Bibi, que n\u00e3o conseguiu concluir a faculdade e est\u00e1 casada com Rubinho, passando por uma condi\u00e7\u00e3o financeira delicada, que far\u00e3o com que entrem no mundo do crime. Com a recusa de Caio, Eug\u00eanio prepara seu filho, Ruy, para assumir o comando da empresa. Ruy est\u00e1 noivo de Cibele, o que lhe confere estabilidade n\u00e3o somente na vida profissional, como tamb\u00e9m na vida pessoal, no entanto, quando viaja a Parazinho, conhece e se encanta por Ritinha, mulher que adora o fasc\u00ednio que exerce pelos homens, tal como as sereias, que ela acredita ser uma. Noiva de Zeca, caminhoneiro completamente apaixonado por ela, Rita continua seu jogo de sedu\u00e7\u00e3o com o carioca, pois quer seguir a liberdade de seus impulsos. Apesar das cr\u00edticas que ouve a respeito da amada, o amor que Zeca sente \u00e9 maior do que tudo, mas ao descobrir o envolvimento da noiva com o empres\u00e1rio de fora &#8211; com quem tivera um epis\u00f3dio determinante na inf\u00e2ncia, em que um \u00edndio profetizara que &#8220;Se viram tudo igual, \u00e9 um aviso que o esp\u00edrito da floresta est\u00e1 mandando. A vida toda voc\u00eas tomem cuidado com o que brotar das \u00e1guas. O que brotar das \u00e1guas vai juntar voc\u00eas dois e separar de novo!&#8221;, &#8211; decide se mudar e recome\u00e7ar a vida em Niter\u00f3i. Na nova cidade, conhece Jeiza, policial que sonha em se tornar lutadora de MMA, mas sofre com a falta de um parceiro que compreenda seus sonhos.<\/p>\n","protected":false},"excerpt":{"rendered":"<p>Resumo novela \u201cA For\u00e7a do Querer\u201d 01\/05: no cap\u00edtulo 025(*) da novela \u201cA For\u00e7a do Querer\u201d, resumo de segunda-feira, 01 de maio, Bibi defende Ritinha e Joyce se irrita. Anita critica Cibele por acabar com seu casamento. Eug\u00eanio repreende Ruy. Edinalva \u00e9 impedida de entrar na empresa C.Garcia. Joyce discute com Silvana sobre a decis\u00e3o [&hellip;]<\/p>\n","protected":false},"author":2,"featured_media":111385,"comment_status":"open","ping_status":"closed","sticky":false,"template":"","format":"standard","meta":{"tdm_status":"","tdm_grid_status":"","footnotes":""},"categories":[379,375,343],"tags":[441],"class_list":{"0":"post-112242","1":"post","2":"type-post","3":"status-publish","4":"format-standard","5":"has-post-thumbnail","7":"category-novelas","8":"category-rede-globo","9":"category-televisao","10":"tag-resumo-do-dia"},"_links":{"self":[{"href":"https:\/\/migracao.redenoticia.com.br\/noticia\/wp-json\/wp\/v2\/posts\/112242","targetHints":{"allow":["GET"]}}],"collection":[{"href":"https:\/\/migracao.redenoticia.com.br\/noticia\/wp-json\/wp\/v2\/posts"}],"about":[{"href":"https:\/\/migracao.redenoticia.com.br\/noticia\/wp-json\/wp\/v2\/types\/post"}],"author":[{"embeddable":true,"href":"https:\/\/migracao.redenoticia.com.br\/noticia\/wp-json\/wp\/v2\/users\/2"}],"replies":[{"embeddable":true,"href":"https:\/\/migracao.redenoticia.com.br\/noticia\/wp-json\/wp\/v2\/comments?post=112242"}],"version-history":[{"count":0,"href":"https:\/\/migracao.redenoticia.com.br\/noticia\/wp-json\/wp\/v2\/posts\/112242\/revisions"}],"wp:featuredmedia":[{"embeddable":true,"href":"https:\/\/migracao.redenoticia.com.br\/noticia\/wp-json\/wp\/v2\/media\/111385"}],"wp:attachment":[{"href":"https:\/\/migracao.redenoticia.com.br\/noticia\/wp-json\/wp\/v2\/media?parent=112242"}],"wp:term":[{"taxonomy":"category","embeddable":true,"href":"https:\/\/migracao.redenoticia.com.br\/noticia\/wp-json\/wp\/v2\/categories?post=112242"},{"taxonomy":"post_tag","embeddable":true,"href":"https:\/\/migracao.redenoticia.com.br\/noticia\/wp-json\/wp\/v2\/tags?post=112242"}],"curies":[{"name":"wp","href":"https:\/\/api.w.org\/{rel}","templated":true}]}}