{"id":112295,"date":"2017-05-01T16:31:10","date_gmt":"2017-05-01T19:31:10","guid":{"rendered":"https:\/\/www.redenoticia.com.br\/noticia\/?p=112295"},"modified":"2017-05-01T15:12:59","modified_gmt":"2017-05-01T18:12:59","slug":"resumo-novela-o-que-a-vida-me-roubou-0205-fabiola-procura-por-benjamim","status":"publish","type":"post","link":"https:\/\/migracao.redenoticia.com.br\/noticia\/2017\/resumo-novela-o-que-a-vida-me-roubou-0205-fabiola-procura-por-benjamim\/112295","title":{"rendered":"Resumo novela \u201cO Que A Vida Me Roubou\u201d 02\/05: Fabiola procura por Benjamim"},"content":{"rendered":"<p><img loading=\"lazy\" decoding=\"async\" src=\"https:\/\/migracao.redenoticia.com.br\/noticia\/imagens\/o-que-a-vida-me-roubou-novela-resumo-sbt-150x112.jpg\" alt=\"\" width=\"150\" height=\"112\" class=\"alignleft size-thumbnail wp-image-105656\" srcset=\"https:\/\/migracao.redenoticia.com.br\/noticia\/imagens\/o-que-a-vida-me-roubou-novela-resumo-sbt-150x112.jpg 150w, https:\/\/migracao.redenoticia.com.br\/noticia\/imagens\/o-que-a-vida-me-roubou-novela-resumo-sbt-265x198.jpg 265w\" sizes=\"auto, (max-width: 150px) 100vw, 150px\" \/><strong><em>Resumo novela \u201cO Que A Vida Me Roubou\u201d 02\/05<\/em><\/strong>: no cap\u00edtulo 067(*) da novela \u201cO Que A Vida Me Roubou\u201d, resumo de ter\u00e7a-feira, 02 de maio, Jos\u00e9 Luis diz a Alessandro para ser sincero. Alessandro diz que \u00e9 inocente e que, se Jos\u00e9 Luis acreditar nisso, impedir\u00e1 que uma injusti\u00e7a aconte\u00e7a com ele. Jos\u00e9 Luis responde que sabe que ele n\u00e3o \u00e9 esse tipo de pessoa, ent\u00e3o, tentar\u00e1 n\u00e3o permitir que isso aconte\u00e7a com ele. Alessandro diz que mesmo sendo dif\u00edcil, nada nem ningu\u00e9m vai separ\u00e1-lo de Montserrat e seu filho. Demetrio diz a sua m\u00e3e que Josefina ficar\u00e1 com ele enquanto se reconcilia com seu irm\u00e3o. Graziela responde que n\u00e3o permitir\u00e1, ent\u00e3o Demetrio diz que aquela tamb\u00e9m \u00e9 sua casa. Jose Luis diz a Alessandro que Joaquim confessou que ambos estavam em comum acordo para assassin\u00e1-lo. Alessandro desmente a hist\u00f3ria. O capit\u00e3o Robledo diz a Joaquim que n\u00e3o acredita que Alessandro seja seu \u00fanico s\u00f3cio. Dem\u00e9trio diz a sua m\u00e3e que se ela n\u00e3o tratar bem Josefina, ele confessar\u00e1 um de seus segredos a Alessandro. Graziela, chorando, diz que o filho acaba de destruir seu cora\u00e7\u00e3o. Alessandro diz ao capit\u00e3o Robledo que eles deveriam investigar a Pedro tamb\u00e9m. O advogado Cervera, Alessandro e Demetrio se disp\u00f5em a abrir o envelope com o exame de DNA para saber se Demetrio \u00e9 filho de Benjamin Almonte. Pedro chega e diz que \u00e9 o advogado de Demetrio. Cervera diz que o exame deu positivo, mas \u00e9 imposs\u00edvel que a amostra seja de Demetrio. Alessandro, furioso, diz que tentaram faz\u00ea-lo de bobo. Demetrio acusa Graziela de t\u00ea-lo enganado com o exame de DNA. Demetrio diz a Josefina que n\u00e3o suporta sua m\u00e3e, assim o melhor \u00e9 que partam. Josefina pergunta onde ir\u00e3o viver e alerta ao esposo que ele precisa trabalhar. Ros\u00e1rio diz a Alessandro que chegou uma mulher procurando por seu pai e dizendo ser sua sobrinha. Montserrat diz que sup\u00f5e que Benjamin n\u00e3o tinha parentes, por isso Alessandro herdou tudo. Alessandro responde que n\u00e3o tinha conhecimento dessa sobrinha. Alessandro diz a Fabiola que seu pai morreu. Ela se surpreende e diz que n\u00e3o sabia que seu tio tinha um filho, pois ele jamais lhe disse nada. Am\u00e9lia diz a Mac\u00e1rio que Benjamin levou a filha de Graziela para os Estados Unidos, a deixou com sua irm\u00e3, e pediu que ela e seu esposo a criassem como se fosse deles. Am\u00e9lia ainda diz que ningu\u00e9m sabe que essa menina existe, al\u00e9m de Graziela. Fabiola diz a Alessandro querer ver o testamento de seu tio, pois ele j\u00e1 havia a confessado que tudo que tinha seria para ela. Alessandro responde que seu pai sempre o renegou, mas antes de morrer, por meio do padre Anselmo, Benjamin o reconheceu como filho.<\/p>\n<p>(*) edi\u00e7\u00e3o do SBT, Novela \u201cO Que A Vida Me Roubou\u201d, sujeito a altera\u00e7\u00e3o de data e conte\u00fado.<\/p>\n<p>Lo que la vida me rob\u00f3 (no Brasil, O Que a Vida Me Roubou) \u00e9 uma telenovela mexicana produzida por Angelli Nesma Medina para Televisa e exibida pelo Canal de las Estrellas entre 28 de outubro de 2013 e 27 de julho de 2014 em 196 cap\u00edtulos, substituindo La tempestad e sendo substitu\u00edda por Hasta el fin del mundo. A original \u00e9 de Caridad Bravo Adams, sendo esta um remake modernizado das novelas Bodas de odio e Amor real, produzidas em 1983 e 2003, respectivamente. Tem Angelique Boyer, Sebasti\u00e1n Rulli, Luis Roberto Guzm\u00e1n, Daniela Castro, Grettell Vald\u00e9z, Sergio Sendel e Lisset nos papeis principais.<\/p>\n","protected":false},"excerpt":{"rendered":"<p>Resumo novela \u201cO Que A Vida Me Roubou\u201d 02\/05: no cap\u00edtulo 067(*) da novela \u201cO Que A Vida Me Roubou\u201d, resumo de ter\u00e7a-feira, 02 de maio, Jos\u00e9 Luis diz a Alessandro para ser sincero. Alessandro diz que \u00e9 inocente e que, se Jos\u00e9 Luis acreditar nisso, impedir\u00e1 que uma injusti\u00e7a aconte\u00e7a com ele. Jos\u00e9 Luis [&hellip;]<\/p>\n","protected":false},"author":4,"featured_media":105656,"comment_status":"open","ping_status":"closed","sticky":false,"template":"","format":"standard","meta":{"tdm_status":"","tdm_grid_status":"","footnotes":""},"categories":[379,372,343],"tags":[441],"class_list":{"0":"post-112295","1":"post","2":"type-post","3":"status-publish","4":"format-standard","5":"has-post-thumbnail","7":"category-novelas","8":"category-sbt","9":"category-televisao","10":"tag-resumo-do-dia"},"_links":{"self":[{"href":"https:\/\/migracao.redenoticia.com.br\/noticia\/wp-json\/wp\/v2\/posts\/112295","targetHints":{"allow":["GET"]}}],"collection":[{"href":"https:\/\/migracao.redenoticia.com.br\/noticia\/wp-json\/wp\/v2\/posts"}],"about":[{"href":"https:\/\/migracao.redenoticia.com.br\/noticia\/wp-json\/wp\/v2\/types\/post"}],"author":[{"embeddable":true,"href":"https:\/\/migracao.redenoticia.com.br\/noticia\/wp-json\/wp\/v2\/users\/4"}],"replies":[{"embeddable":true,"href":"https:\/\/migracao.redenoticia.com.br\/noticia\/wp-json\/wp\/v2\/comments?post=112295"}],"version-history":[{"count":0,"href":"https:\/\/migracao.redenoticia.com.br\/noticia\/wp-json\/wp\/v2\/posts\/112295\/revisions"}],"wp:featuredmedia":[{"embeddable":true,"href":"https:\/\/migracao.redenoticia.com.br\/noticia\/wp-json\/wp\/v2\/media\/105656"}],"wp:attachment":[{"href":"https:\/\/migracao.redenoticia.com.br\/noticia\/wp-json\/wp\/v2\/media?parent=112295"}],"wp:term":[{"taxonomy":"category","embeddable":true,"href":"https:\/\/migracao.redenoticia.com.br\/noticia\/wp-json\/wp\/v2\/categories?post=112295"},{"taxonomy":"post_tag","embeddable":true,"href":"https:\/\/migracao.redenoticia.com.br\/noticia\/wp-json\/wp\/v2\/tags?post=112295"}],"curies":[{"name":"wp","href":"https:\/\/api.w.org\/{rel}","templated":true}]}}