{"id":112298,"date":"2017-05-01T16:32:41","date_gmt":"2017-05-01T19:32:41","guid":{"rendered":"https:\/\/www.redenoticia.com.br\/noticia\/?p=112298"},"modified":"2017-05-01T15:14:39","modified_gmt":"2017-05-01T18:14:39","slug":"resumo-novela-carinha-de-anjo-0205-gustavo-elogia-veronica","status":"publish","type":"post","link":"https:\/\/migracao.redenoticia.com.br\/noticia\/2017\/resumo-novela-carinha-de-anjo-0205-gustavo-elogia-veronica\/112298","title":{"rendered":"Resumo novela \u201cCarinha de Anjo\u201d 02\/05: Gustavo elogia Veronica"},"content":{"rendered":"<p><img loading=\"lazy\" decoding=\"async\" class=\"alignleft size-thumbnail wp-image-99331\" src=\"https:\/\/migracao.redenoticia.com.br\/noticia\/imagens\/carinha_de_anjo_sbt_novela_resumo_capitulo-150x112.jpg\" alt=\"carinha_de_anjo_sbt_novela_resumo_capitulo\" width=\"150\" height=\"112\" srcset=\"https:\/\/migracao.redenoticia.com.br\/noticia\/imagens\/carinha_de_anjo_sbt_novela_resumo_capitulo-150x112.jpg 150w, https:\/\/migracao.redenoticia.com.br\/noticia\/imagens\/carinha_de_anjo_sbt_novela_resumo_capitulo-265x198.jpg 265w\" sizes=\"auto, (max-width: 150px) 100vw, 150px\" \/><strong><em>Resumo novela \u201cCarinha de Anjo\u201d 02\/05<\/em><\/strong>: no cap\u00edtulo 117(*) da novela \u201cCarinha de Anjo\u201d, resumo de ter\u00e7a-feira, 02 de maio, Rosana fica brava com o chaveiro e Peixoto explica que o presente seria para Haydee, que \u00e9 quem ele est\u00e1 investigado. Rosana compreende e diz que est\u00e1 no aguardo de seu real presente. Franciely conta para Rosana e Juju sobre o acidente de Dulce e Em\u00edlio escuta e chora. Gustavo elogia Veronica pelo auxilio dela como amiga e diz para que a mulher n\u00e3o ligue para as provoca\u00e7\u00f5es de Silvana e o ci\u00fame de Nicole. B\u00e1rbara e Frida fingem para a Madre que est\u00e3o sendo culpadas injustamente pelo acidente de Dulce e que por isso as meninas querem que elas sejam as vil\u00e3s da pe\u00e7a. Haydee fica encantada com o presente de Peixoto. Madre Superiora ordena para Tom e Fabiana que B\u00e1rbara e Frida ser\u00e3o a Cinderela e a Fada Madrinha. A religiosa avisa tamb\u00e9m as crian\u00e7as sobre a decis\u00e3o.<\/p>\n<p>(*) edi\u00e7\u00e3o do SBT, Novela \u201cCarinha de Anjo\u201d, sujeito a altera\u00e7\u00e3o de data e conte\u00fado.<\/p>\n<p>Carinha de Anjo \u00e9 uma telenovela brasileira produzida e exibida originalmente pelo SBT desde o dia 21 de novembro de 2016, substituindo o hor\u00e1rio anteriormente ocupado por C\u00famplices de um Resgate. A telenovela \u00e9 inspirada na mexicana Carita de \u00e1ngel, que, por sua vez, \u00e9 um remake de Mundo de juguete, ambas produzidas pela Televisa e que haviam sido baseadas na trama argentina escrita por Abel Santa Cruz, Pap\u00e1 coraz\u00f3n. Esta ser\u00e1 a segunda adapta\u00e7\u00e3o brasileira da obra original argentina, visto que a Rede Tupi apresentou em 1976 a sua primeira vers\u00e3o, chamada de Papai Cora\u00e7\u00e3o. A nova vers\u00e3o \u00e9 escrita por Leonor Corr\u00eaa, com supervis\u00e3o de \u00cdris Abravanel e dire\u00e7\u00e3o geral de Ricardo Mantoanelli. A trama conta com Lorena Queiroz, Bia Arantes, Carlo Porto, Priscila Sol, Dani Gondim, Karin Hils, Eliana Guttman e Lucero nos pap\u00e9is principais.<\/p>\n","protected":false},"excerpt":{"rendered":"<p>Resumo novela \u201cCarinha de Anjo\u201d 02\/05: no cap\u00edtulo 117(*) da novela \u201cCarinha de Anjo\u201d, resumo de ter\u00e7a-feira, 02 de maio, Rosana fica brava com o chaveiro e Peixoto explica que o presente seria para Haydee, que \u00e9 quem ele est\u00e1 investigado. Rosana compreende e diz que est\u00e1 no aguardo de seu real presente. Franciely conta [&hellip;]<\/p>\n","protected":false},"author":4,"featured_media":99331,"comment_status":"open","ping_status":"closed","sticky":false,"template":"","format":"standard","meta":{"tdm_status":"","tdm_grid_status":"","footnotes":""},"categories":[452,379,372,343],"tags":[441],"class_list":{"0":"post-112298","1":"post","2":"type-post","3":"status-publish","4":"format-standard","5":"has-post-thumbnail","7":"category-carinha-de-anjo","8":"category-novelas","9":"category-sbt","10":"category-televisao","11":"tag-resumo-do-dia"},"_links":{"self":[{"href":"https:\/\/migracao.redenoticia.com.br\/noticia\/wp-json\/wp\/v2\/posts\/112298","targetHints":{"allow":["GET"]}}],"collection":[{"href":"https:\/\/migracao.redenoticia.com.br\/noticia\/wp-json\/wp\/v2\/posts"}],"about":[{"href":"https:\/\/migracao.redenoticia.com.br\/noticia\/wp-json\/wp\/v2\/types\/post"}],"author":[{"embeddable":true,"href":"https:\/\/migracao.redenoticia.com.br\/noticia\/wp-json\/wp\/v2\/users\/4"}],"replies":[{"embeddable":true,"href":"https:\/\/migracao.redenoticia.com.br\/noticia\/wp-json\/wp\/v2\/comments?post=112298"}],"version-history":[{"count":0,"href":"https:\/\/migracao.redenoticia.com.br\/noticia\/wp-json\/wp\/v2\/posts\/112298\/revisions"}],"wp:featuredmedia":[{"embeddable":true,"href":"https:\/\/migracao.redenoticia.com.br\/noticia\/wp-json\/wp\/v2\/media\/99331"}],"wp:attachment":[{"href":"https:\/\/migracao.redenoticia.com.br\/noticia\/wp-json\/wp\/v2\/media?parent=112298"}],"wp:term":[{"taxonomy":"category","embeddable":true,"href":"https:\/\/migracao.redenoticia.com.br\/noticia\/wp-json\/wp\/v2\/categories?post=112298"},{"taxonomy":"post_tag","embeddable":true,"href":"https:\/\/migracao.redenoticia.com.br\/noticia\/wp-json\/wp\/v2\/tags?post=112298"}],"curies":[{"name":"wp","href":"https:\/\/api.w.org\/{rel}","templated":true}]}}