{"id":1123,"date":"2009-05-03T19:26:16","date_gmt":"2009-05-03T23:26:16","guid":{"rendered":"http:\/\/www.redenoticia.com.br\/noticia\/?p=1123"},"modified":"2009-05-03T19:26:16","modified_gmt":"2009-05-03T23:26:16","slug":"banda-e-bingo-reune-multidao-em-escola-de-ji-parana","status":"publish","type":"post","link":"https:\/\/migracao.redenoticia.com.br\/noticia\/2009\/banda-e-bingo-reune-multidao-em-escola-de-ji-parana\/1123","title":{"rendered":"Banda e bingo re\u00fane multid\u00e3o em escola de Ji-Paran\u00e1"},"content":{"rendered":"<p class=\"MsoNormal\"><span style=\"font-family: Arial;\"><a href=\"https:\/\/migracao.redenoticia.com.br\/noticia\/imagens\/\/ulisses.jpg\"><img loading=\"lazy\" decoding=\"async\" class=\"alignleft size-full wp-image-1124\" title=\"ulisses\" src=\"https:\/\/migracao.redenoticia.com.br\/noticia\/imagens\/\/ulisses.jpg\" alt=\"ulisses\" width=\"150\" height=\"113\" \/><\/a>A escola p\u00f3lo Ulisses Matosinho comemorou seu anivers\u00e1rio neste s\u00e1bado (2) com muita divers\u00e3o para o p\u00fablico que ultrapassou duas mil pessoas.<\/span><\/p>\n<p class=\"MsoNormal\"><span style=\"font-family: Arial;\">A comemora\u00e7\u00e3o j\u00e1 \u00e9 tradi\u00e7\u00e3o na escola e \u00e9 considerada a maior festa da regi\u00e3o. Na ocasi\u00e3o foi lan\u00e7ada tamb\u00e9m mais uma edi\u00e7\u00e3o do folhetim da Ulisses.<\/span><\/p>\n<p class=\"MsoNormal\"><span style=\"font-family: Arial;\">Foram seis \u00f4nibus transportando alunos, familiares e convidados das linhas pr\u00f3ximas e de Nova Londrina.<\/span><\/p>\n<p class=\"MsoNormal\"><span style=\"font-family: Arial;\"> A escola pretende investir o dinheiro arrecadado em benfeitorias como a moderniza\u00e7\u00e3o e amplia\u00e7\u00e3o da r\u00e1dio interna e a aquisi\u00e7\u00e3o do ar condicionado para a biblioteca.<\/span><\/p>\n<p class=\"MsoNormal\"><span style=\"font-family: Arial;\">Fotos da festa ser\u00e3o divulgadas no folhetimdaulisses.blogspot.com.<\/span><\/p>\n<p class=\"MsoNormal\"><span style=\"font-family: Arial;\"> <\/span><\/p>\n","protected":false},"excerpt":{"rendered":"<p>A escola p\u00f3lo Ulisses Matosinho comemorou seu anivers\u00e1rio neste s\u00e1bado (2) com muita divers\u00e3o para o p\u00fablico que ultrapassou duas mil pessoas. A comemora\u00e7\u00e3o j\u00e1 \u00e9 tradi\u00e7\u00e3o na escola e \u00e9 considerada a maior festa da regi\u00e3o. Na ocasi\u00e3o foi lan\u00e7ada tamb\u00e9m mais uma edi\u00e7\u00e3o do folhetim da Ulisses. Foram seis \u00f4nibus transportando alunos, familiares [&hellip;]<\/p>\n","protected":false},"author":3,"featured_media":0,"comment_status":"open","ping_status":"open","sticky":false,"template":"","format":"standard","meta":{"tdm_status":"","tdm_grid_status":"","footnotes":""},"categories":[22],"tags":[],"class_list":{"0":"post-1123","1":"post","2":"type-post","3":"status-publish","4":"format-standard","6":"category-brasil"},"_links":{"self":[{"href":"https:\/\/migracao.redenoticia.com.br\/noticia\/wp-json\/wp\/v2\/posts\/1123","targetHints":{"allow":["GET"]}}],"collection":[{"href":"https:\/\/migracao.redenoticia.com.br\/noticia\/wp-json\/wp\/v2\/posts"}],"about":[{"href":"https:\/\/migracao.redenoticia.com.br\/noticia\/wp-json\/wp\/v2\/types\/post"}],"author":[{"embeddable":true,"href":"https:\/\/migracao.redenoticia.com.br\/noticia\/wp-json\/wp\/v2\/users\/3"}],"replies":[{"embeddable":true,"href":"https:\/\/migracao.redenoticia.com.br\/noticia\/wp-json\/wp\/v2\/comments?post=1123"}],"version-history":[{"count":0,"href":"https:\/\/migracao.redenoticia.com.br\/noticia\/wp-json\/wp\/v2\/posts\/1123\/revisions"}],"wp:attachment":[{"href":"https:\/\/migracao.redenoticia.com.br\/noticia\/wp-json\/wp\/v2\/media?parent=1123"}],"wp:term":[{"taxonomy":"category","embeddable":true,"href":"https:\/\/migracao.redenoticia.com.br\/noticia\/wp-json\/wp\/v2\/categories?post=1123"},{"taxonomy":"post_tag","embeddable":true,"href":"https:\/\/migracao.redenoticia.com.br\/noticia\/wp-json\/wp\/v2\/tags?post=1123"}],"curies":[{"name":"wp","href":"https:\/\/api.w.org\/{rel}","templated":true}]}}