{"id":112301,"date":"2017-05-01T16:33:50","date_gmt":"2017-05-01T19:33:50","guid":{"rendered":"https:\/\/www.redenoticia.com.br\/noticia\/?p=112301"},"modified":"2017-05-01T17:05:30","modified_gmt":"2017-05-01T20:05:30","slug":"resumo-novela-chiquititas-0205-as-criancas-se-arrumam-para-o-baile","status":"publish","type":"post","link":"https:\/\/migracao.redenoticia.com.br\/noticia\/2017\/resumo-novela-chiquititas-0205-as-criancas-se-arrumam-para-o-baile\/112301","title":{"rendered":"Resumo novela \u201cChiquititas\u201d 02\/05: as crian\u00e7as se arrumam para o baile"},"content":{"rendered":"<p><img loading=\"lazy\" decoding=\"async\" class=\"alignleft size-thumbnail wp-image-49690\" src=\"https:\/\/migracao.redenoticia.com.br\/noticia\/imagens\/chiquititas1-150x112.jpg\" alt=\"chiquititas\" width=\"150\" height=\"112\" \/><strong><em>Resumo novela \u201cChiquititas\u201d 02\/05<\/em><\/strong>: no cap\u00edtulo 166(*) da novela \u201cChiquititas\u201d, resumo de ter\u00e7a-feira, 02 de maio, Shirley prepara as meninas para o baile, na sala do orfanato, com a ajuda de Carol. Enquanto isso, Fernando ensina os meninos a dan\u00e7arem valsa. Chico aproveita a m\u00fasica e tira Matilde, que finge ser Ernestina, para dan\u00e7ar. Ela pisa no p\u00e9 dele para se livrar da dan\u00e7a. \u00c9rica grava o videoclipe de maneira bem exagerada. A m\u00e3e de Matias ajuda o filho a ir escondido do pai ao baile, com Vivi. A mulher lembra que o garoto precisa chegar antes da meia-noite para que o pai dele n\u00e3o perceba. Dani finge estar com dor de garganta e diz que n\u00e3o poder\u00e1 ir ao baile, mas na verdade \u00e9 uma desculpa, pois ela n\u00e3o tem par para o baile. Fernando dan\u00e7a valsa com Carol para demonstrar para os meninos. Todos acham que existe um clima entre Fernando e Carol. As meninas ficam com o cabelo horr\u00edvel devido os penteados de Shirley, principalmente Cris. Vivi, Tati e Ana ficam com a maquiagem extremamente forte. Shirley diz que em sua comunidade, Vivi faria muito sucesso. Vivi diz que est\u00e1 horr\u00edvel. Bia diz que elas parecem dragqueens. Carol tenta organizar todo o processo de cabelo e maquiagem das chiquititas, dessa vez com Shirley apenas ajudando, para poderem arrum\u00e1-las antes da hora do baile. Eduarda est\u00e1 se sentindo deixada de lado por Maria Cec\u00edlia, que sai apenas com Junior. Anoitece e no orfanato os pares ficam arrumados para irem ao baile. Junior e Maria Cec\u00edlia v\u00e3o jantar num restaurante e depois v\u00e3o ao cinema. Matilde avisa Cintia que podem voltar para o por\u00e3o, mas que Maria, Dani e Chico ficaram no orfanato. Cintia pede para Matilde dar um jeito e se certificar que Chico estar\u00e1 dormindo quando estiverem no por\u00e3o.<\/p>\n<p>(*) edi\u00e7\u00e3o do SBT, Novela \u201cChiquititas\u201d, sujeito a altera\u00e7\u00e3o de data e conte\u00fado.<\/p>\n<p>Chiquititas gira em torno do orfanato Raio de Luz, que carrega em sua hist\u00f3ria um grande segredo envolvendo a fam\u00edlia e o dono do orfanato, Dr. Jos\u00e9 Ricardo Almeida Campos. Em um per\u00edodo anterior \u00e0 novela, exatos treze anos, sua filha Gabriela se apaixonou e ficou gr\u00e1vida de Miguel, filho de Valentina, empregada da casa dos Almeida Campos. Pouco depois, Jos\u00e9 Ricardo sequestrou sua neta, pois, como um homem conservador, ele n\u00e3o aceitava a ideia de que sua filha se envolvesse com um empregado. Como sua neta, Milena, apelidada como Mili, precisava de um lugar para morar, ele comprou um casar\u00e3o e fundou um orfanato, o Raio de Luz. Mili cresceu l\u00e1 com outras garotas que chegaram posteriormente: Bia, Ana, as irm\u00e3s Tati e Vivi, e Cris. Ao decorrer dos anos, elas se tornam uma fam\u00edlia. Elas s\u00e3o supervisionadas por Ernestina, zeladora do orfanato, e Chico, o cozinheiro amado pelas internas. Sofia, ex-governanta da fam\u00edlia Almeida Campos, \u00e9 a diretora do lugar, at\u00e9 que Carmem, irm\u00e3 de Jos\u00e9 Ricardo, entre em seu lugar. Chegam ainda mais \u00f3rf\u00e3os: Pata, Mosca, Binho e Rafa, que viviam nas ruas antes de entrarem na institui\u00e7\u00e3o. Pata e Mili tornam-se amigas rapidamente, enquanto Mosca, Binho e Rafa s\u00e3o os primeiros garotos a entrar no abrigo. As crian\u00e7as sem-teto foram ajudadas por uma doce e bela garota que tocam e mudam a vida delas, assim como as das garotas \u00f3rf\u00e3s.<\/p>\n","protected":false},"excerpt":{"rendered":"<p>Resumo novela \u201cChiquititas\u201d 02\/05: no cap\u00edtulo 166(*) da novela \u201cChiquititas\u201d, resumo de ter\u00e7a-feira, 02 de maio, Shirley prepara as meninas para o baile, na sala do orfanato, com a ajuda de Carol. Enquanto isso, Fernando ensina os meninos a dan\u00e7arem valsa. Chico aproveita a m\u00fasica e tira Matilde, que finge ser Ernestina, para dan\u00e7ar. Ela [&hellip;]<\/p>\n","protected":false},"author":4,"featured_media":49690,"comment_status":"open","ping_status":"closed","sticky":false,"template":"","format":"standard","meta":{"tdm_status":"","tdm_grid_status":"","footnotes":""},"categories":[409,379,372,343],"tags":[441],"class_list":{"0":"post-112301","1":"post","2":"type-post","3":"status-publish","4":"format-standard","5":"has-post-thumbnail","7":"category-chiquititas","8":"category-novelas","9":"category-sbt","10":"category-televisao","11":"tag-resumo-do-dia"},"_links":{"self":[{"href":"https:\/\/migracao.redenoticia.com.br\/noticia\/wp-json\/wp\/v2\/posts\/112301","targetHints":{"allow":["GET"]}}],"collection":[{"href":"https:\/\/migracao.redenoticia.com.br\/noticia\/wp-json\/wp\/v2\/posts"}],"about":[{"href":"https:\/\/migracao.redenoticia.com.br\/noticia\/wp-json\/wp\/v2\/types\/post"}],"author":[{"embeddable":true,"href":"https:\/\/migracao.redenoticia.com.br\/noticia\/wp-json\/wp\/v2\/users\/4"}],"replies":[{"embeddable":true,"href":"https:\/\/migracao.redenoticia.com.br\/noticia\/wp-json\/wp\/v2\/comments?post=112301"}],"version-history":[{"count":0,"href":"https:\/\/migracao.redenoticia.com.br\/noticia\/wp-json\/wp\/v2\/posts\/112301\/revisions"}],"wp:featuredmedia":[{"embeddable":true,"href":"https:\/\/migracao.redenoticia.com.br\/noticia\/wp-json\/wp\/v2\/media\/49690"}],"wp:attachment":[{"href":"https:\/\/migracao.redenoticia.com.br\/noticia\/wp-json\/wp\/v2\/media?parent=112301"}],"wp:term":[{"taxonomy":"category","embeddable":true,"href":"https:\/\/migracao.redenoticia.com.br\/noticia\/wp-json\/wp\/v2\/categories?post=112301"},{"taxonomy":"post_tag","embeddable":true,"href":"https:\/\/migracao.redenoticia.com.br\/noticia\/wp-json\/wp\/v2\/tags?post=112301"}],"curies":[{"name":"wp","href":"https:\/\/api.w.org\/{rel}","templated":true}]}}