{"id":112305,"date":"2017-05-01T16:35:19","date_gmt":"2017-05-01T19:35:19","guid":{"rendered":"https:\/\/www.redenoticia.com.br\/noticia\/?p=112305"},"modified":"2017-05-01T15:19:48","modified_gmt":"2017-05-01T18:19:48","slug":"resumo-novela-novo-mundo-0205-joaquim-descobre-que-anna-esta-gravida","status":"publish","type":"post","link":"https:\/\/migracao.redenoticia.com.br\/noticia\/2017\/resumo-novela-novo-mundo-0205-joaquim-descobre-que-anna-esta-gravida\/112305","title":{"rendered":"Resumo novela \u201cNovo Mundo\u201d 02\/05: Joaquim descobre que Anna est\u00e1 gr\u00e1vida"},"content":{"rendered":"<p><img loading=\"lazy\" decoding=\"async\" class=\"alignleft size-thumbnail wp-image-107950\" src=\"https:\/\/migracao.redenoticia.com.br\/noticia\/imagens\/novo_mundo_novela_resumo_globo-150x112.jpg\" alt=\"\" width=\"150\" height=\"112\" srcset=\"https:\/\/migracao.redenoticia.com.br\/noticia\/imagens\/novo_mundo_novela_resumo_globo-150x112.jpg 150w, https:\/\/migracao.redenoticia.com.br\/noticia\/imagens\/novo_mundo_novela_resumo_globo-265x198.jpg 265w\" sizes=\"auto, (max-width: 150px) 100vw, 150px\" \/><strong><em>Resumo novela \u201cNovo Mundo\u201d 02\/05<\/em><\/strong>: no cap\u00edtulo 036(*) da novela \u201cNovo Mundo\u201d, resumo de ter\u00e7a-feira, 02 de maio, Anna diz a Leopoldina que contar\u00e1 a verdade para Thomas e Joaquim. Wolfgang decide ensinar boas maneiras a Diara. Thomas manda N\u00edvea impedir Anna de sair sozinha. Cec\u00edlia se surpreende ao ver sua carta publicada no jornal. Joaquim sugere que Chala\u00e7a surpreenda Dom Pedro. Wolfgang compra um t\u00edtulo de nobreza para Diara. Elvira descobre que Anna est\u00e1 gr\u00e1vida. Am\u00e1lia tem um surto depois de um sonho e a Madre tenta acalm\u00e1-la. Chala\u00e7a conta sobre Domitila para Dom Pedro. Ubirajara desconfia de que Jacira e Piat\u00e3 mentiram para sua na\u00e7\u00e3o. Thomas, Sebasti\u00e3o e Avilez confabulam contra Dom Pedro. Elvira conta para Joaquim sobre a gravidez de Anna. Leopoldina exige que Dalva e Lurdes se sentem \u00e0 mesa e manda Patr\u00edcio servi-las. Domitila aceita ser presa para n\u00e3o revelar o paradeiro dos filhos para Fel\u00edcio. Joaquim procura Anna.<\/p>\n<p>(*) edi\u00e7\u00e3o da Rede Globo, Novela \u201cNovo Mundo\u201d, sujeito a altera\u00e7\u00e3o de data e conte\u00fado.<\/p>\n<p>Novo Mundo \u00e9 uma telenovela brasileira produzida pela Rede Globo. Escrita por Thereza Falc\u00e3o e Alessandro Marson, conta com dire\u00e7\u00e3o art\u00edstica de Vin\u00edcius Coimbra. Conta com as participa\u00e7\u00f5es de Isabelle Drummond, Chay Suede, Caio Castro, Let\u00edcia Colin, Leo Jaime, D\u00e9bora Olivieri, Rodrigo Simas, Giullia Buscacio, Vivianne Pasmanter, Guilherme Piva, R\u00f4mulo Estrela, Agatha Moreira, Luisa Micheletti, Gabriel Braga Nunes, e Ingrid Guimar\u00e3es.<\/p>\n","protected":false},"excerpt":{"rendered":"<p>Resumo novela \u201cNovo Mundo\u201d 02\/05: no cap\u00edtulo 036(*) da novela \u201cNovo Mundo\u201d, resumo de ter\u00e7a-feira, 02 de maio, Anna diz a Leopoldina que contar\u00e1 a verdade para Thomas e Joaquim. Wolfgang decide ensinar boas maneiras a Diara. Thomas manda N\u00edvea impedir Anna de sair sozinha. Cec\u00edlia se surpreende ao ver sua carta publicada no jornal. [&hellip;]<\/p>\n","protected":false},"author":4,"featured_media":107950,"comment_status":"open","ping_status":"closed","sticky":false,"template":"","format":"standard","meta":{"tdm_status":"","tdm_grid_status":"","footnotes":""},"categories":[379,375,343],"tags":[441],"class_list":{"0":"post-112305","1":"post","2":"type-post","3":"status-publish","4":"format-standard","5":"has-post-thumbnail","7":"category-novelas","8":"category-rede-globo","9":"category-televisao","10":"tag-resumo-do-dia"},"_links":{"self":[{"href":"https:\/\/migracao.redenoticia.com.br\/noticia\/wp-json\/wp\/v2\/posts\/112305","targetHints":{"allow":["GET"]}}],"collection":[{"href":"https:\/\/migracao.redenoticia.com.br\/noticia\/wp-json\/wp\/v2\/posts"}],"about":[{"href":"https:\/\/migracao.redenoticia.com.br\/noticia\/wp-json\/wp\/v2\/types\/post"}],"author":[{"embeddable":true,"href":"https:\/\/migracao.redenoticia.com.br\/noticia\/wp-json\/wp\/v2\/users\/4"}],"replies":[{"embeddable":true,"href":"https:\/\/migracao.redenoticia.com.br\/noticia\/wp-json\/wp\/v2\/comments?post=112305"}],"version-history":[{"count":0,"href":"https:\/\/migracao.redenoticia.com.br\/noticia\/wp-json\/wp\/v2\/posts\/112305\/revisions"}],"wp:featuredmedia":[{"embeddable":true,"href":"https:\/\/migracao.redenoticia.com.br\/noticia\/wp-json\/wp\/v2\/media\/107950"}],"wp:attachment":[{"href":"https:\/\/migracao.redenoticia.com.br\/noticia\/wp-json\/wp\/v2\/media?parent=112305"}],"wp:term":[{"taxonomy":"category","embeddable":true,"href":"https:\/\/migracao.redenoticia.com.br\/noticia\/wp-json\/wp\/v2\/categories?post=112305"},{"taxonomy":"post_tag","embeddable":true,"href":"https:\/\/migracao.redenoticia.com.br\/noticia\/wp-json\/wp\/v2\/tags?post=112305"}],"curies":[{"name":"wp","href":"https:\/\/api.w.org\/{rel}","templated":true}]}}