{"id":112329,"date":"2017-05-05T16:41:01","date_gmt":"2017-05-05T19:41:01","guid":{"rendered":"https:\/\/www.redenoticia.com.br\/noticia\/?p=112329"},"modified":"2017-05-04T15:50:42","modified_gmt":"2017-05-04T18:50:42","slug":"novela-ribeirao-do-tempo-resumo-0805-eleonora-consola-filomena","status":"publish","type":"post","link":"https:\/\/migracao.redenoticia.com.br\/noticia\/2017\/novela-ribeirao-do-tempo-resumo-0805-eleonora-consola-filomena\/112329","title":{"rendered":"Novela \u201cRibeir\u00e3o do Tempo\u201d resumo 08\/05: Eleonora consola Filomena"},"content":{"rendered":"<p> <img loading=\"lazy\" decoding=\"async\" src=\"https:\/\/migracao.redenoticia.com.br\/noticia\/imagens\/ribeirao_do_tempo_novela_record_resumo-150x112.jpg\" alt=\"\" width=\"150\" height=\"112\" class=\"alignleft size-thumbnail wp-image-108265\" srcset=\"https:\/\/migracao.redenoticia.com.br\/noticia\/imagens\/ribeirao_do_tempo_novela_record_resumo-150x112.jpg 150w, https:\/\/migracao.redenoticia.com.br\/noticia\/imagens\/ribeirao_do_tempo_novela_record_resumo-265x198.jpg 265w\" sizes=\"auto, (max-width: 150px) 100vw, 150px\" \/><strong><em>Novela \u201cRibeir\u00e3o do Tempo\u201d resumo 08\/05<\/em><\/strong>: no capitulo 045 (*) da novela \u201cRibeir\u00e3o do Tempo\u201d, segunda-feira, 08 de maio, Ellen demora a acreditar no que Tito lhe contou e tem uma crise de choro. Beatriz fica sabendo do acidente com o avi\u00e3o e fica indignada com a forma com que Nicolau fala do acidente. Newton diz a Iara que n\u00e3o consegue entender como aconteceu o acidente, pois estava tudo certo com o avi\u00e3o. Marta faz algumas perguntas a Virg\u00edlio, que se faz de consternado. Iara examina as fotos que tirou do encontro entre Nasinho, Virg\u00edlio e Ferrolho e conclui que foi Virg\u00edlio quem armou o acidente. Ela imprime c\u00f3pias das fotos e as coloca em um envelope junto com o pendrive. <\/p>\n<p>Carmem fala para Filomena que S\u00edlvio morreu e pede para a amiga cuidar de sua irm\u00e3. Filomena n\u00e3o consegue conter o choro ao saber do acidente e Eleonora a consola. Lincon entrevista Virg\u00edlio. Filomena e Carmem consolam Ellen e Guilherme. Arminda vai at\u00e9 a casa de Joca e entra no quarto dele sem avisar, deixando L\u00e9ia irritada. Arminda confessa a Joca que est\u00e1 com medo que o juiz negue o pedido da guarda de Diana. A executiva agarra Joca. S\u00e9rgio vai buscar S\u00f4nia para sair e Ajuricaba fica conversando com o jovem durante muito tempo. Andr\u00e9 aguarda S\u00f4nia e S\u00e9rgio, agoniado. <\/p>\n<p>Lincon fica intrigado com a visita de Nicolau ao seu jornal. Nicolau mostra um projeto de um novo jornal em Ribeir\u00e3o do Tempo e diz ao jornalista que s\u00f3 n\u00e3o vai tocar o projeto se ele fechar sociedade com ele. Teixeira mostra o quadro que Quer\u00eancio pintou e Eleonora gosta do resultado. A madame se emociona com a pintura e afirma ao advogado que talvez Quer\u00eancio n\u00e3o seja uma pessoa t\u00e3o ruim assim. Iara olha fixo para Virg\u00edlio, que pergunta para ela o que houve. <\/p>\n<p>(*) edi\u00e7\u00e3o da Rede Record, Novela \u201cRibeir\u00e3o do Tempo\u201d, sujeito a altera\u00e7\u00e3o de data e conte\u00fado.<\/p>\n","protected":false},"excerpt":{"rendered":"<p>Novela \u201cRibeir\u00e3o do Tempo\u201d resumo 08\/05: no capitulo 045 (*) da novela \u201cRibeir\u00e3o do Tempo\u201d, segunda-feira, 08 de maio, Ellen demora a acreditar no que Tito lhe contou e tem uma crise de choro. Beatriz fica sabendo do acidente com o avi\u00e3o e fica indignada com a forma com que Nicolau fala do acidente. Newton [&hellip;]<\/p>\n","protected":false},"author":2,"featured_media":108265,"comment_status":"open","ping_status":"closed","sticky":false,"template":"","format":"standard","meta":{"tdm_status":"","tdm_grid_status":"","footnotes":""},"categories":[379,371,343],"tags":[441],"class_list":{"0":"post-112329","1":"post","2":"type-post","3":"status-publish","4":"format-standard","5":"has-post-thumbnail","7":"category-novelas","8":"category-rede-record","9":"category-televisao","10":"tag-resumo-do-dia"},"_links":{"self":[{"href":"https:\/\/migracao.redenoticia.com.br\/noticia\/wp-json\/wp\/v2\/posts\/112329","targetHints":{"allow":["GET"]}}],"collection":[{"href":"https:\/\/migracao.redenoticia.com.br\/noticia\/wp-json\/wp\/v2\/posts"}],"about":[{"href":"https:\/\/migracao.redenoticia.com.br\/noticia\/wp-json\/wp\/v2\/types\/post"}],"author":[{"embeddable":true,"href":"https:\/\/migracao.redenoticia.com.br\/noticia\/wp-json\/wp\/v2\/users\/2"}],"replies":[{"embeddable":true,"href":"https:\/\/migracao.redenoticia.com.br\/noticia\/wp-json\/wp\/v2\/comments?post=112329"}],"version-history":[{"count":0,"href":"https:\/\/migracao.redenoticia.com.br\/noticia\/wp-json\/wp\/v2\/posts\/112329\/revisions"}],"wp:featuredmedia":[{"embeddable":true,"href":"https:\/\/migracao.redenoticia.com.br\/noticia\/wp-json\/wp\/v2\/media\/108265"}],"wp:attachment":[{"href":"https:\/\/migracao.redenoticia.com.br\/noticia\/wp-json\/wp\/v2\/media?parent=112329"}],"wp:term":[{"taxonomy":"category","embeddable":true,"href":"https:\/\/migracao.redenoticia.com.br\/noticia\/wp-json\/wp\/v2\/categories?post=112329"},{"taxonomy":"post_tag","embeddable":true,"href":"https:\/\/migracao.redenoticia.com.br\/noticia\/wp-json\/wp\/v2\/tags?post=112329"}],"curies":[{"name":"wp","href":"https:\/\/api.w.org\/{rel}","templated":true}]}}