{"id":112332,"date":"2017-05-01T20:21:19","date_gmt":"2017-05-01T23:21:19","guid":{"rendered":"https:\/\/www.redenoticia.com.br\/noticia\/?p=112332"},"modified":"2017-05-01T20:21:19","modified_gmt":"2017-05-01T23:21:19","slug":"novela-ribeirao-do-tempo-resumo-0205-brandao-recolhe-o-sangue-de-eleonora","status":"publish","type":"post","link":"https:\/\/migracao.redenoticia.com.br\/noticia\/2017\/novela-ribeirao-do-tempo-resumo-0205-brandao-recolhe-o-sangue-de-eleonora\/112332","title":{"rendered":"Novela \u201cRibeir\u00e3o do Tempo\u201d resumo 02\/05: Brand\u00e3o recolhe o sangue de Eleonora"},"content":{"rendered":"<p> <img loading=\"lazy\" decoding=\"async\" src=\"https:\/\/migracao.redenoticia.com.br\/noticia\/imagens\/ribeirao_do_tempo_novela_record_resumo-150x112.jpg\" alt=\"\" width=\"150\" height=\"112\" class=\"alignleft size-thumbnail wp-image-108265\" srcset=\"https:\/\/migracao.redenoticia.com.br\/noticia\/imagens\/ribeirao_do_tempo_novela_record_resumo-150x112.jpg 150w, https:\/\/migracao.redenoticia.com.br\/noticia\/imagens\/ribeirao_do_tempo_novela_record_resumo-265x198.jpg 265w\" sizes=\"auto, (max-width: 150px) 100vw, 150px\" \/><strong><em>Novela \u201cRibeir\u00e3o do Tempo\u201d resumo 02\/05<\/em><\/strong>: no capitulo 041 (*) da novela \u201cRibeir\u00e3o do Tempo\u201d, ter\u00e7a-feira, 02 de maio, Arminda torna a ligar para o m\u00e9dico. Teixeira tenta tranquilzar Eleonora. Nasinho fala para Ferrolho que eles precisam tomar muito cuidado com a opera\u00e7\u00e3o, pois a pol\u00edcia n\u00e3o pode peg\u00e1-los. S\u00edlvio revela a Newton que Ellen est\u00e1 estranha com ele. Newton fica constrangido. Clor\u00eds comenta com Tito que est\u00e1 correndo um boato de que Newton est\u00e1 de caso com Ellen. Tito fica furioso. Doutor Brand\u00e3o examina Eleonora. Filomena revela a Carmem que n\u00e3o aguenta mais sofrer por Tito e que Quer\u00eancio est\u00e1 a levando \u00e0 loucura. Ari diz a Fil\u00f3 que sua sobrinha vai ficar no lugar dela. Brand\u00e3o deixa claro para Arminda e Teixeira que madame Durrel n\u00e3o se encontra em condi\u00e7\u00f5es de viajar e os aconselha a internarem Eleonora. Nicolau fala para Nasinho que vai dar uma grana para ele negociar com Ferrolho e Virg\u00edlio. O senador manda o amigo cuidar de toda a opera\u00e7\u00e3o. <\/p>\n<p>Ellen explica para Newton que vai propor a separa\u00e7\u00e3o a S\u00edlvio. Newton confessa a Ellen que tamb\u00e9m est\u00e1 angustiado com a rela\u00e7\u00e3o deles. Tito, furioso, acusa Karina de ter espalhado a fofoca. Ela diz ao noivo que outra pessoa pode ter visto Newton e Ellen juntos e espalhado o boato. Ellen fala para S\u00edlvio que a rela\u00e7\u00e3o deles foi se desgastando nos \u00faltimos anos e afirma que quer se separar. S\u00edlvio pergunta \u00e0 esposa se ela conheceu outro cara, mas ela desconversa. Madame Durrel confessa a Teixeira que n\u00e3o vai viajar depois de ter descoberto seu filho. Filomena mostra o Agito Colonial para Rosa e explica o trabalho dela. Eleonora confessa a Teixeira que n\u00e3o sabe se vai revelar a Quer\u00eancio que ele \u00e9 seu filho. Arminda sugere a Teixeira a contrata\u00e7\u00e3o de uma enfermeira para cuidar de Eleonora. <\/p>\n<p>Teixeira diz a Arminda que j\u00e1 deu entrada numa a\u00e7\u00e3o pedindo a guarda de Diana. Guilherme pede para Carlos ir com ele visitar Diana. Ellen pede para S\u00edlvio n\u00e3o tornar as coisas ainda mais dif\u00edceis. Os dois est\u00e3o quase discutindo quando Guilherme chega com Carlos. Teixeira fala para Brand\u00e3o que Eleonora quer que ele retire uma mostra do sangue dela para um teste de DNA. O advogado ressalta para o m\u00e9dico que o assunto \u00e9 sigiloso. Filomena explica para Rosa como funciona o sistema de comandas do bar. Fil\u00f3 e Ari v\u00e3o ao escrit\u00f3rio dele para fechar as contas. Brand\u00e3o recolhe o sangue de Eleonora. Eleonora revela a Teixeira que vai contar a verdade para Filomena. Filomena se despede de Sancha e avisa que n\u00e3o vai conseguir se despedir do pai. Teixeira v\u00ea Filomena saindo de casa com uma mala na m\u00e3o e diz que Eleonora tem um assunto muito importante para falar com ela.<\/p>\n<p>(*) edi\u00e7\u00e3o da Rede Record, Novela \u201cRibeir\u00e3o do Tempo\u201d, sujeito a altera\u00e7\u00e3o de data e conte\u00fado.<\/p>\n","protected":false},"excerpt":{"rendered":"<p>Novela \u201cRibeir\u00e3o do Tempo\u201d resumo 02\/05: no capitulo 041 (*) da novela \u201cRibeir\u00e3o do Tempo\u201d, ter\u00e7a-feira, 02 de maio, Arminda torna a ligar para o m\u00e9dico. Teixeira tenta tranquilzar Eleonora. Nasinho fala para Ferrolho que eles precisam tomar muito cuidado com a opera\u00e7\u00e3o, pois a pol\u00edcia n\u00e3o pode peg\u00e1-los. S\u00edlvio revela a Newton que Ellen [&hellip;]<\/p>\n","protected":false},"author":2,"featured_media":108265,"comment_status":"open","ping_status":"closed","sticky":false,"template":"","format":"standard","meta":{"tdm_status":"","tdm_grid_status":"","footnotes":""},"categories":[379,371,343],"tags":[441],"class_list":{"0":"post-112332","1":"post","2":"type-post","3":"status-publish","4":"format-standard","5":"has-post-thumbnail","7":"category-novelas","8":"category-rede-record","9":"category-televisao","10":"tag-resumo-do-dia"},"_links":{"self":[{"href":"https:\/\/migracao.redenoticia.com.br\/noticia\/wp-json\/wp\/v2\/posts\/112332","targetHints":{"allow":["GET"]}}],"collection":[{"href":"https:\/\/migracao.redenoticia.com.br\/noticia\/wp-json\/wp\/v2\/posts"}],"about":[{"href":"https:\/\/migracao.redenoticia.com.br\/noticia\/wp-json\/wp\/v2\/types\/post"}],"author":[{"embeddable":true,"href":"https:\/\/migracao.redenoticia.com.br\/noticia\/wp-json\/wp\/v2\/users\/2"}],"replies":[{"embeddable":true,"href":"https:\/\/migracao.redenoticia.com.br\/noticia\/wp-json\/wp\/v2\/comments?post=112332"}],"version-history":[{"count":0,"href":"https:\/\/migracao.redenoticia.com.br\/noticia\/wp-json\/wp\/v2\/posts\/112332\/revisions"}],"wp:featuredmedia":[{"embeddable":true,"href":"https:\/\/migracao.redenoticia.com.br\/noticia\/wp-json\/wp\/v2\/media\/108265"}],"wp:attachment":[{"href":"https:\/\/migracao.redenoticia.com.br\/noticia\/wp-json\/wp\/v2\/media?parent=112332"}],"wp:term":[{"taxonomy":"category","embeddable":true,"href":"https:\/\/migracao.redenoticia.com.br\/noticia\/wp-json\/wp\/v2\/categories?post=112332"},{"taxonomy":"post_tag","embeddable":true,"href":"https:\/\/migracao.redenoticia.com.br\/noticia\/wp-json\/wp\/v2\/tags?post=112332"}],"curies":[{"name":"wp","href":"https:\/\/api.w.org\/{rel}","templated":true}]}}