{"id":112334,"date":"2017-05-02T16:41:30","date_gmt":"2017-05-02T19:41:30","guid":{"rendered":"https:\/\/www.redenoticia.com.br\/noticia\/?p=112334"},"modified":"2017-05-01T20:23:03","modified_gmt":"2017-05-01T23:23:03","slug":"novela-ribeirao-do-tempo-resumo-0305-madame-diz-a-neta-sobre-exame-de-dna","status":"publish","type":"post","link":"https:\/\/migracao.redenoticia.com.br\/noticia\/2017\/novela-ribeirao-do-tempo-resumo-0305-madame-diz-a-neta-sobre-exame-de-dna\/112334","title":{"rendered":"Novela \u201cRibeir\u00e3o do Tempo\u201d resumo 03\/05: Madame diz \u00e0 neta sobre exame de DNA"},"content":{"rendered":"<p> <img loading=\"lazy\" decoding=\"async\" src=\"https:\/\/migracao.redenoticia.com.br\/noticia\/imagens\/ribeirao_do_tempo_novela_record_resumo-150x112.jpg\" alt=\"\" width=\"150\" height=\"112\" class=\"alignleft size-thumbnail wp-image-108265\" srcset=\"https:\/\/migracao.redenoticia.com.br\/noticia\/imagens\/ribeirao_do_tempo_novela_record_resumo-150x112.jpg 150w, https:\/\/migracao.redenoticia.com.br\/noticia\/imagens\/ribeirao_do_tempo_novela_record_resumo-265x198.jpg 265w\" sizes=\"auto, (max-width: 150px) 100vw, 150px\" \/><strong><em>Novela \u201cRibeir\u00e3o do Tempo\u201d resumo 03\/05<\/em><\/strong>: no capitulo 042 (*) da novela \u201cRibeir\u00e3o do Tempo\u201d, quarta-feira, 03 de maio, Filomena decide acompanhar Teixeira. Eleonora lembra de uma das discuss\u00f5es que teve com Quer\u00eancio. Filomena entra no quarto de Eleonora, intimidada. Aflita, Eleonora revela a Filomena que abandonou seu filho h\u00e1 50 anos e s\u00f3 lembra que ele tem um sinal grande com o formato do mapa do Brasil na n\u00e1dega. Filomena fica pasma com a revela\u00e7\u00e3o. Quer\u00eancio acorda e sai desesperado atr\u00e1s de Fil\u00f3. Filomena custa a acreditar no que ouviu. <\/p>\n<p>Madame Durrel diz \u00e0 neta que pretende fazer um exame de DNA para n\u00e3o restar qualquer d\u00favida. Guilherme conta a Carlos que vai at\u00e9 Cabreira para tentar visitar Diana. Ellen fala mais uma vez para S\u00edlvio que quer a separa\u00e7\u00e3o. S\u00edlvio pede para ela ter paci\u00eancia e garante que a rela\u00e7\u00e3o deles vai melhorar. O piloto n\u00e3o aceita o pedido de Ellen. Iara ouve Virg\u00edlio falando ao telefone com Nasinho. Eleonora deixa claro para Filomena que por enquanto o assunto deve ser mantido em sigilo. O inspetor da casa de interna\u00e7\u00e3o permite que Guilherme fale com Diana por cinco minutos. <\/p>\n<p>Guilherme e Diana conversam encantados. S\u00edlvio conta a Tito que Ellen est\u00e1 querendo a separa\u00e7\u00e3o, mas diz que acredita que eles v\u00e3o acabar se entendendo. Tito fica angustiado por n\u00e3o poder contar ao amigo os boatos que correm. Iara observa Virg\u00edlio cumprimentando Nasinho e Ferrolho e fotografa a cena. Karina e Zuleide ficam surpresas ao saberem que Filomena n\u00e3o trabalha mais no Agito. Brand\u00e3o recolhe o sangue de Filomena e afirma que o resultado do exame sai em poucos dias. Ferrolho explica para Nasinho e Virg\u00edlio que pode morrer gente na opera\u00e7\u00e3o. Karina v\u00ea Filomena caminhado pela pra\u00e7a e pergunta o que ela est\u00e1 fazendo em Ribeir\u00e3o.<\/p>\n<p>(*) edi\u00e7\u00e3o da Rede Record, Novela \u201cRibeir\u00e3o do Tempo\u201d, sujeito a altera\u00e7\u00e3o de data e conte\u00fado.<\/p>\n","protected":false},"excerpt":{"rendered":"<p>Novela \u201cRibeir\u00e3o do Tempo\u201d resumo 03\/05: no capitulo 042 (*) da novela \u201cRibeir\u00e3o do Tempo\u201d, quarta-feira, 03 de maio, Filomena decide acompanhar Teixeira. Eleonora lembra de uma das discuss\u00f5es que teve com Quer\u00eancio. Filomena entra no quarto de Eleonora, intimidada. Aflita, Eleonora revela a Filomena que abandonou seu filho h\u00e1 50 anos e s\u00f3 lembra [&hellip;]<\/p>\n","protected":false},"author":2,"featured_media":108265,"comment_status":"open","ping_status":"closed","sticky":false,"template":"","format":"standard","meta":{"tdm_status":"","tdm_grid_status":"","footnotes":""},"categories":[379,371,343],"tags":[441],"class_list":{"0":"post-112334","1":"post","2":"type-post","3":"status-publish","4":"format-standard","5":"has-post-thumbnail","7":"category-novelas","8":"category-rede-record","9":"category-televisao","10":"tag-resumo-do-dia"},"_links":{"self":[{"href":"https:\/\/migracao.redenoticia.com.br\/noticia\/wp-json\/wp\/v2\/posts\/112334","targetHints":{"allow":["GET"]}}],"collection":[{"href":"https:\/\/migracao.redenoticia.com.br\/noticia\/wp-json\/wp\/v2\/posts"}],"about":[{"href":"https:\/\/migracao.redenoticia.com.br\/noticia\/wp-json\/wp\/v2\/types\/post"}],"author":[{"embeddable":true,"href":"https:\/\/migracao.redenoticia.com.br\/noticia\/wp-json\/wp\/v2\/users\/2"}],"replies":[{"embeddable":true,"href":"https:\/\/migracao.redenoticia.com.br\/noticia\/wp-json\/wp\/v2\/comments?post=112334"}],"version-history":[{"count":0,"href":"https:\/\/migracao.redenoticia.com.br\/noticia\/wp-json\/wp\/v2\/posts\/112334\/revisions"}],"wp:featuredmedia":[{"embeddable":true,"href":"https:\/\/migracao.redenoticia.com.br\/noticia\/wp-json\/wp\/v2\/media\/108265"}],"wp:attachment":[{"href":"https:\/\/migracao.redenoticia.com.br\/noticia\/wp-json\/wp\/v2\/media?parent=112334"}],"wp:term":[{"taxonomy":"category","embeddable":true,"href":"https:\/\/migracao.redenoticia.com.br\/noticia\/wp-json\/wp\/v2\/categories?post=112334"},{"taxonomy":"post_tag","embeddable":true,"href":"https:\/\/migracao.redenoticia.com.br\/noticia\/wp-json\/wp\/v2\/tags?post=112334"}],"curies":[{"name":"wp","href":"https:\/\/api.w.org\/{rel}","templated":true}]}}