{"id":112350,"date":"2017-05-02T16:45:05","date_gmt":"2017-05-02T19:45:05","guid":{"rendered":"https:\/\/www.redenoticia.com.br\/noticia\/?p=112350"},"modified":"2017-05-03T21:49:28","modified_gmt":"2017-05-04T00:49:28","slug":"novela-o-rico-e-lazaro-resumo-0305-zabaia-anuncia-o-inicio-do-torneio-de-lutas","status":"publish","type":"post","link":"https:\/\/migracao.redenoticia.com.br\/noticia\/2017\/novela-o-rico-e-lazaro-resumo-0305-zabaia-anuncia-o-inicio-do-torneio-de-lutas\/112350","title":{"rendered":"Novela \u201cO Rico e L\u00e1zaro\u201d resumo 03\/05: Tamir discute com Shamir"},"content":{"rendered":"<p> <img loading=\"lazy\" decoding=\"async\" src=\"https:\/\/migracao.redenoticia.com.br\/noticia\/imagens\/o_rico_e_o_lazaro_resumo_novela_record-150x112.jpg\" alt=\"\" width=\"150\" height=\"112\" class=\"alignleft size-thumbnail wp-image-107948\" srcset=\"https:\/\/migracao.redenoticia.com.br\/noticia\/imagens\/o_rico_e_o_lazaro_resumo_novela_record-150x112.jpg 150w, https:\/\/migracao.redenoticia.com.br\/noticia\/imagens\/o_rico_e_o_lazaro_resumo_novela_record-265x198.jpg 265w\" sizes=\"auto, (max-width: 150px) 100vw, 150px\" \/><strong><em>Novela \u201cO Rico e L\u00e1zaro\u201d resumo 03\/05<\/em><\/strong>: no capitulo 038(*) da novela \u201cO Rico e L\u00e1zaro\u201d, quarta-feira, 03 de maio, Zelfa fala sobre Deus com Elga. Matias beija Gadise novamente. Joaquim fala de Edissa com Evil. Nit\u00f3cris diz que Shamiran \u00e9 metida. Nabucodonosor se irrita com o jeito de Nabonido. Zelfa visita os familiares de Ravina. Joana se lembra de seu grande amor. Asher e Lior voltam para a Babil\u00f4nia. Zac convida Joana para um passeio. Dana se assusta com o jeito agressivo de Absalom. Zac est\u00e1 prestes a se declarar para Joana quando ela avista Asher e Lior chegando na cidade. <\/p>\n<p>Zac diz que Joana deve ter se enganado. Ilana questiona a atitude de Absalom. Matias se declara para Gadise. Dana diz n\u00e3o querer mais receber visitas de Absalom. Lior finge ter um recado do deus Marduk para Beroso. Zac tenta consolar Joana. Edissa fala de seu amor por Joaquim. <\/p>\n<p>Neusta repreende o filho. Em conversa com Asher, Lior diz que um homem tentou compra-lo. Joana diz que n\u00e3o esquecer\u00e1 seu grande amor. Chaim humilha Nicolau. Tamir discute com Shamir. Beroso descobre sobre o acidente na mina de cobre. Mesaque gosta de conversar com Raquel. Lia e Naomi avistam Daniel e Abednego em seus cavalos. <\/p>\n<p>(*) edi\u00e7\u00e3o da Rede Record, Novela \u201cO Rico e L\u00e1zaro\u201d, sujeito a altera\u00e7\u00e3o de data e conte\u00fado.<\/p>\n","protected":false},"excerpt":{"rendered":"<p>Novela \u201cO Rico e L\u00e1zaro\u201d resumo 03\/05: no capitulo 038(*) da novela \u201cO Rico e L\u00e1zaro\u201d, quarta-feira, 03 de maio, Zelfa fala sobre Deus com Elga. Matias beija Gadise novamente. Joaquim fala de Edissa com Evil. Nit\u00f3cris diz que Shamiran \u00e9 metida. Nabucodonosor se irrita com o jeito de Nabonido. Zelfa visita os familiares de [&hellip;]<\/p>\n","protected":false},"author":2,"featured_media":107948,"comment_status":"open","ping_status":"closed","sticky":false,"template":"","format":"standard","meta":{"tdm_status":"","tdm_grid_status":"","footnotes":""},"categories":[379,371,343],"tags":[441],"class_list":{"0":"post-112350","1":"post","2":"type-post","3":"status-publish","4":"format-standard","5":"has-post-thumbnail","7":"category-novelas","8":"category-rede-record","9":"category-televisao","10":"tag-resumo-do-dia"},"_links":{"self":[{"href":"https:\/\/migracao.redenoticia.com.br\/noticia\/wp-json\/wp\/v2\/posts\/112350","targetHints":{"allow":["GET"]}}],"collection":[{"href":"https:\/\/migracao.redenoticia.com.br\/noticia\/wp-json\/wp\/v2\/posts"}],"about":[{"href":"https:\/\/migracao.redenoticia.com.br\/noticia\/wp-json\/wp\/v2\/types\/post"}],"author":[{"embeddable":true,"href":"https:\/\/migracao.redenoticia.com.br\/noticia\/wp-json\/wp\/v2\/users\/2"}],"replies":[{"embeddable":true,"href":"https:\/\/migracao.redenoticia.com.br\/noticia\/wp-json\/wp\/v2\/comments?post=112350"}],"version-history":[{"count":0,"href":"https:\/\/migracao.redenoticia.com.br\/noticia\/wp-json\/wp\/v2\/posts\/112350\/revisions"}],"wp:featuredmedia":[{"embeddable":true,"href":"https:\/\/migracao.redenoticia.com.br\/noticia\/wp-json\/wp\/v2\/media\/107948"}],"wp:attachment":[{"href":"https:\/\/migracao.redenoticia.com.br\/noticia\/wp-json\/wp\/v2\/media?parent=112350"}],"wp:term":[{"taxonomy":"category","embeddable":true,"href":"https:\/\/migracao.redenoticia.com.br\/noticia\/wp-json\/wp\/v2\/categories?post=112350"},{"taxonomy":"post_tag","embeddable":true,"href":"https:\/\/migracao.redenoticia.com.br\/noticia\/wp-json\/wp\/v2\/tags?post=112350"}],"curies":[{"name":"wp","href":"https:\/\/api.w.org\/{rel}","templated":true}]}}